{"id":7588,"date":"2023-09-29T06:13:19","date_gmt":"2023-09-29T09:13:19","guid":{"rendered":"https:\/\/blogs.correiobraziliense.com.br\/lianasabo\/?p=7588"},"modified":"2023-09-28T22:17:51","modified_gmt":"2023-09-29T01:17:51","slug":"marcelo-bolinha-e-beethoven-picui-comandam-aulas-sobre-carnes","status":"publish","type":"post","link":"https:\/\/blogs.correiobraziliense.com.br\/lianasabo\/marcelo-bolinha-e-beethoven-picui-comandam-aulas-sobre-carnes\/","title":{"rendered":"Marcelo \u201cBolinha\u201d e Beethoven Picu\u00ed comandam aulas sobre carnes"},"content":{"rendered":"<p><em>Os renomados profissionais participar\u00e3o dos workshops do Churrascada PGT nos dias 4 e 5 de outubro. As aulas s\u00e3o gratuitas<\/em><\/p>\n<p>Os amantes do universo da carne podem comemorar. Nos dias 4 e 5 de outubro, o evento Churrascada PGT, realizado no Parque Granja do Torto, oferece dois workshops gratuitos com Marcelo \u201cBolinha\u201d e Beethoven Picu\u00ed. A dupla vai compartilhar com os participantes t\u00e9cnicas de preparo e cortes de carnes.<\/p>\n<p>Profissional com mais de 30 anos de experi\u00eancia e consultor empresarial em cortes de carne, Marcelo &#8220;Bolinha&#8221; comandar\u00e1 o workshop do dia 4. Na aula, desossa e cortes de bovino e ovino. Preparar uma carne de sol perfeita \u00e9 a especialidade que o mestre churrasqueiro Beethoven Picu\u00ed vai compartilhar no curso do dia 5 de outubro.<\/p>\n<p>S\u00e3o 100 vagas para cada uma das qualifica\u00e7\u00f5es, que ser\u00e3o realizadas das 9h \u00e0s 12h e das 13h \u00e0s 17h. Para participar, basta ligar no telefone do Villa Boechat (61 99959-9797) e fazer a inscri\u00e7\u00e3o.<\/p>\n<p>\u201cEsses workshops foram pensados justamente para levarmos ainda mais conhecimentos de t\u00e9cnicas, preparos e manuseio das carnes para quem j\u00e1 trabalha na \u00e1rea h\u00e1 um tempo ou est\u00e1 come\u00e7ando. Acreditamos que vai ser um sucesso e o setor precisava disso\u201d, conta Marcos Boechat, um dos organizadores do evento.<\/p>\n<p>Com realiza\u00e7\u00e3o do Instituto Qualifica\u00e7\u00e3o Brasil e produ\u00e7\u00e3o do Villa Boechat, VBR Entretenimento e Victor Passos, o Churrascada PGT \u00e9 um evento com 72 horas de churrasco,\u00a0atra\u00e7\u00f5es musicais e pratos a partir de R$ 30.<\/p>\n","protected":false},"excerpt":{"rendered":"<p>Os renomados profissionais participar\u00e3o dos workshops do Churrascada PGT nos dias 4 e 5 de outubro. As aulas s\u00e3o gratuitas Os amantes do universo da carne podem comemorar. Nos dias 4 e 5 de outubro, o evento Churrascada PGT, realizado no Parque Granja do Torto, oferece dois workshops gratuitos com Marcelo \u201cBolinha\u201d e Beethoven Picu\u00ed. A dupla vai compartilhar com [&hellip;]<\/p>\n","protected":false},"author":54,"featured_media":7591,"comment_status":"open","ping_status":"open","sticky":false,"template":"","format":"standard","meta":{"footnotes":""},"categories":[201],"tags":[906,904,905],"class_list":["post-7588","post","type-post","status-publish","format-standard","has-post-thumbnail","hentry","category-festival","tag-aulas","tag-churrascada-pgt","tag-workshop"],"_links":{"self":[{"href":"https:\/\/blogs.correiobraziliense.com.br\/lianasabo\/wp-json\/wp\/v2\/posts\/7588","targetHints":{"allow":["GET"]}}],"collection":[{"href":"https:\/\/blogs.correiobraziliense.com.br\/lianasabo\/wp-json\/wp\/v2\/posts"}],"about":[{"href":"https:\/\/blogs.correiobraziliense.com.br\/lianasabo\/wp-json\/wp\/v2\/types\/post"}],"author":[{"embeddable":true,"href":"https:\/\/blogs.correiobraziliense.com.br\/lianasabo\/wp-json\/wp\/v2\/users\/54"}],"replies":[{"embeddable":true,"href":"https:\/\/blogs.correiobraziliense.com.br\/lianasabo\/wp-json\/wp\/v2\/comments?post=7588"}],"version-history":[{"count":4,"href":"https:\/\/blogs.correiobraziliense.com.br\/lianasabo\/wp-json\/wp\/v2\/posts\/7588\/revisions"}],"predecessor-version":[{"id":7596,"href":"https:\/\/blogs.correiobraziliense.com.br\/lianasabo\/wp-json\/wp\/v2\/posts\/7588\/revisions\/7596"}],"wp:featuredmedia":[{"embeddable":true,"href":"https:\/\/blogs.correiobraziliense.com.br\/lianasabo\/wp-json\/wp\/v2\/media\/7591"}],"wp:attachment":[{"href":"https:\/\/blogs.correiobraziliense.com.br\/lianasabo\/wp-json\/wp\/v2\/media?parent=7588"}],"wp:term":[{"taxonomy":"category","embeddable":true,"href":"https:\/\/blogs.correiobraziliense.com.br\/lianasabo\/wp-json\/wp\/v2\/categories?post=7588"},{"taxonomy":"post_tag","embeddable":true,"href":"https:\/\/blogs.correiobraziliense.com.br\/lianasabo\/wp-json\/wp\/v2\/tags?post=7588"}],"curies":[{"name":"wp","href":"https:\/\/api.w.org\/{rel}","templated":true}]}}