{"id":7584,"date":"2023-09-28T22:01:01","date_gmt":"2023-09-29T01:01:01","guid":{"rendered":"https:\/\/blogs.correiobraziliense.com.br\/lianasabo\/?p=7584"},"modified":"2023-09-28T22:15:06","modified_gmt":"2023-09-29T01:15:06","slug":"brinda-brasil-estreia-em-brasilia-formato-de-festival","status":"publish","type":"post","link":"https:\/\/blogs.correiobraziliense.com.br\/lianasabo\/brinda-brasil-estreia-em-brasilia-formato-de-festival\/","title":{"rendered":"Brinda Brasil estreia em Bras\u00edlia formato de festival"},"content":{"rendered":"<p><em>O evento ocorre desta quinta-feira (28) at\u00e9 s\u00e1bado (30) com degusta\u00e7\u00e3o de espumantes e vinhos, apresenta\u00e7\u00f5es musicais e palestra<\/em><\/p>\n<p>O primeiro piso do Boulevard Shopping ser\u00e1 o cen\u00e1rio do novo formato do sal\u00e3o de espumantes Brinda Brasil. Em modelo de festival, o evento ocorre entre os dias 28 e 30 de setembro com degusta\u00e7\u00e3o de espumantes e vinhos, noites musicais e palestra em uma estrutura montada em um espa\u00e7o de 1,4 mil metros quadrados.<\/p>\n<p>\u201cEsse formato de festival que criamos com o Boulevard, agregando outras atividades que de alguma forma levam ao brinde, \u00e9 uma tend\u00eancia para os nossos futuros eventos\u201d, define o organizador S\u00e9rgio Albuquerque, do Emp\u00f3rio Brinda Brasil.<\/p>\n<p>Com acesso gratuito, o Brinda Brasil re\u00fane 60 r\u00f3tulos de 23 marcas de 16 vin\u00edcolas e lojas brasileiras. Cada visitante poder\u00e1 desfrutar das bebidas de gra\u00e7a. J\u00e1 a degusta\u00e7\u00e3o completa pode ser feita com a compra de uma ta\u00e7a por R$ 20.<\/p>\n<figure id=\"attachment_7586\" aria-describedby=\"caption-attachment-7586\" style=\"width: 960px\" class=\"wp-caption aligncenter\"><a href=\"https:\/\/blogs.correiobraziliense.com.br\/lianasabo\/wp-content\/uploads\/sites\/25\/2023\/09\/Brinda.jpeg\"><img loading=\"lazy\" decoding=\"async\" class=\"size-full wp-image-7586\" src=\"https:\/\/blogs.correiobraziliense.com.br\/lianasabo\/wp-content\/uploads\/sites\/25\/2023\/09\/Brinda.jpeg\" alt=\"\" width=\"960\" height=\"540\" srcset=\"https:\/\/blogs.correiobraziliense.com.br\/lianasabo\/wp-content\/uploads\/sites\/25\/2023\/09\/Brinda.jpeg 960w, https:\/\/blogs.correiobraziliense.com.br\/lianasabo\/wp-content\/uploads\/sites\/25\/2023\/09\/Brinda-300x169.jpeg 300w, https:\/\/blogs.correiobraziliense.com.br\/lianasabo\/wp-content\/uploads\/sites\/25\/2023\/09\/Brinda-768x432.jpeg 768w, https:\/\/blogs.correiobraziliense.com.br\/lianasabo\/wp-content\/uploads\/sites\/25\/2023\/09\/Brinda-800x450.jpeg 800w, https:\/\/blogs.correiobraziliense.com.br\/lianasabo\/wp-content\/uploads\/sites\/25\/2023\/09\/Brinda-550x309.jpeg 550w, https:\/\/blogs.correiobraziliense.com.br\/lianasabo\/wp-content\/uploads\/sites\/25\/2023\/09\/Brinda-230x129.jpeg 230w\" sizes=\"auto, (max-width: 960px) 100vw, 960px\" \/><\/a><figcaption id=\"caption-attachment-7586\" class=\"wp-caption-text\">Cr\u00e9dito: Brinda Festival\/Divulga\u00e7\u00e3o<\/figcaption><\/figure>\n<p>Est\u00e3o confirmadas as vin\u00edcolas Garibaldi, Batalha, Luiz Argenta, Dunamis, Cazzari, My Winery, Campos de Cima, Domno, Casa Valduga e Casa Madeira (com sucos e geleias). Entre as marcas importadoras do Distrito Federal est\u00e3o Santa B\u00e1rbara, Miolo, Casa Perini, Irm\u00e3s Assump\u00e7\u00e3o (de Bras\u00edlia) e Rio Sol.<\/p>\n<p>\u201cTeremos os tradicionais espumantes brasileiros que s\u00e3o nossa maior especialidade, mas tamb\u00e9m vamos oferecer vinhos nacionais e importados, caf\u00e9s especiais, charcutaria de primeira linha, queijos artesanais e at\u00e9 produtos veganos\u201d, anuncia o criador do Brinda Brasil e um dos organizadores do evento do festival, o jornalista e sommelier Rodrigo Leit\u00e3o.<\/p>\n<p>Vinhos franceses, espanh\u00f3is, portugueses, italianos, argentinos e chilenos completam a carta do evento. Na \u00e1rea de alimenta\u00e7\u00e3o, haver\u00e1 estandes de embutidos (charcutaria), queijos artesanais, queijo vegano e bolo gigante.<\/p>\n<p><strong>M\u00fasica e bate-papo<\/strong><\/p>\n<p>Sempre \u00e0s 19h30, o clima jazz\u00edstico invade o evento com as apresenta\u00e7\u00f5es musicais. Na estreia tem show do coletivo Superjazz, com Dj Dud\u00e3o Melo (loops), Paulo Black (trompete) e Z\u00e9 Krishna (guitarra). Na sexta (29), Bell Lins apresenta o show Jazzy Vibes. J\u00e1 no s\u00e1bado, o quarteto Jazz na Carta prop\u00f5e uma experi\u00eancia multissensorial de m\u00fasica. Tamb\u00e9m no s\u00e1bado, a partir das 17h, o evento promove um bate-papo sobre espumantes sob o comando de Rodrigo Leit\u00e3o.<\/p>\n<p><strong>SERVI\u00c7O<\/strong><br \/>\n<strong>1\u00aa Edi\u00e7\u00e3o do Brinda Festival<\/strong><br \/>\nDias 28 a 30 de setembro, das 16h \u00e0s 22h, no Boulevard Shopping (Setor Terminal Norte, Conj J). Entrada franca. Degusta\u00e7\u00e3o completa a partir de R$ 20.<\/p>\n","protected":false},"excerpt":{"rendered":"<p>O evento ocorre desta quinta-feira (28) at\u00e9 s\u00e1bado (30) com degusta\u00e7\u00e3o de espumantes e vinhos, apresenta\u00e7\u00f5es musicais e palestra O primeiro piso do Boulevard Shopping ser\u00e1 o cen\u00e1rio do novo formato do sal\u00e3o de espumantes Brinda Brasil. Em modelo de festival, o evento ocorre entre os dias 28 e 30 de setembro com degusta\u00e7\u00e3o de espumantes e vinhos, noites musicais [&hellip;]<\/p>\n","protected":false},"author":54,"featured_media":7585,"comment_status":"open","ping_status":"open","sticky":false,"template":"","format":"standard","meta":{"footnotes":""},"categories":[201],"tags":[559,903,87],"class_list":["post-7584","post","type-post","status-publish","format-standard","has-post-thumbnail","hentry","category-festival","tag-brinda-brasil","tag-brinda-festival","tag-espumante"],"_links":{"self":[{"href":"https:\/\/blogs.correiobraziliense.com.br\/lianasabo\/wp-json\/wp\/v2\/posts\/7584","targetHints":{"allow":["GET"]}}],"collection":[{"href":"https:\/\/blogs.correiobraziliense.com.br\/lianasabo\/wp-json\/wp\/v2\/posts"}],"about":[{"href":"https:\/\/blogs.correiobraziliense.com.br\/lianasabo\/wp-json\/wp\/v2\/types\/post"}],"author":[{"embeddable":true,"href":"https:\/\/blogs.correiobraziliense.com.br\/lianasabo\/wp-json\/wp\/v2\/users\/54"}],"replies":[{"embeddable":true,"href":"https:\/\/blogs.correiobraziliense.com.br\/lianasabo\/wp-json\/wp\/v2\/comments?post=7584"}],"version-history":[{"count":3,"href":"https:\/\/blogs.correiobraziliense.com.br\/lianasabo\/wp-json\/wp\/v2\/posts\/7584\/revisions"}],"predecessor-version":[{"id":7592,"href":"https:\/\/blogs.correiobraziliense.com.br\/lianasabo\/wp-json\/wp\/v2\/posts\/7584\/revisions\/7592"}],"wp:featuredmedia":[{"embeddable":true,"href":"https:\/\/blogs.correiobraziliense.com.br\/lianasabo\/wp-json\/wp\/v2\/media\/7585"}],"wp:attachment":[{"href":"https:\/\/blogs.correiobraziliense.com.br\/lianasabo\/wp-json\/wp\/v2\/media?parent=7584"}],"wp:term":[{"taxonomy":"category","embeddable":true,"href":"https:\/\/blogs.correiobraziliense.com.br\/lianasabo\/wp-json\/wp\/v2\/categories?post=7584"},{"taxonomy":"post_tag","embeddable":true,"href":"https:\/\/blogs.correiobraziliense.com.br\/lianasabo\/wp-json\/wp\/v2\/tags?post=7584"}],"curies":[{"name":"wp","href":"https:\/\/api.w.org\/{rel}","templated":true}]}}