{"id":7569,"date":"2023-09-29T06:15:07","date_gmt":"2023-09-29T09:15:07","guid":{"rendered":"https:\/\/blogs.correiobraziliense.com.br\/lianasabo\/?p=7569"},"modified":"2023-09-28T21:22:35","modified_gmt":"2023-09-29T00:22:35","slug":"jakeline-daia-esta-a-frente-do-restaurante-da-escola-francesa-de-brasilia","status":"publish","type":"post","link":"https:\/\/blogs.correiobraziliense.com.br\/lianasabo\/jakeline-daia-esta-a-frente-do-restaurante-da-escola-francesa-de-brasilia\/","title":{"rendered":"Jakeline Daia est\u00e1 \u00e0 frente do restaurante da Escola Francesa de Bras\u00edlia"},"content":{"rendered":"<p><em>No card\u00e1pio, a chef aposta nos sabores do cerrado e do Brasil<\/em><\/p>\n<p>Mineira de Uberaba, aos 21 anos, Jakeline Daia desembarcou na capital com pai, m\u00e3e e uma irm\u00e3. Gostou logo de cara da cidade e procurou cursar biomedicina no Ceub, mas era a arte de transformar insumos em bons sabores o que mais a seduzia. Tanto que passou a recolher em \u00e1reas p\u00fablicas ingredientes dispon\u00edveis na natureza.<\/p>\n<p>\u201cBras\u00edlia \u00e9 um pomar a c\u00e9u aberto\u201d, proclama a mineira que, ao fazer de bicicleta o percurso entre Asa Norte, onde mora at\u00e9 hoje e o Minas T\u00eanis Clube, onde remava, apanhava cagaita, piripiri (fruta ex\u00f3tica da fam\u00edlia da carambola com sabor \u00e1cido), pitanga, guariroba, graviola, jabuticaba e at\u00e9 ervas, como louro. N\u00e3o tardou a cozinhar pra fora. Abriu uma empresa de eventos e atendia pessoas f\u00edsicas e corporativas. No fim da pandemia, Jake como \u00e9 chamada na fam\u00edlia e pelos amigos, alugou uma cozinha na Asa Norte e passou a fornecer marmitas com receitas do cotidiano, mas incrementadas por ela, como o empad\u00e3o goiano com alho-por\u00f3.<\/p>\n<div id='gallery-1' class='gallery galleryid-7569 gallery-columns-3 gallery-size-full'><figure class='gallery-item'>\n\t\t\t<div class='gallery-icon landscape'>\n\t\t\t\t<a href='https:\/\/blogs.correiobraziliense.com.br\/lianasabo\/jakeline-daia-esta-a-frente-do-restaurante-da-escola-francesa-de-brasilia\/mj2009_11-29602129\/'><img loading=\"lazy\" decoding=\"async\" width=\"1200\" height=\"797\" src=\"https:\/\/blogs.correiobraziliense.com.br\/lianasabo\/wp-content\/uploads\/sites\/25\/2023\/09\/mj2009_11-29602129.jpg\" class=\"attachment-full size-full\" alt=\"\" aria-describedby=\"gallery-1-7571\" srcset=\"https:\/\/blogs.correiobraziliense.com.br\/lianasabo\/wp-content\/uploads\/sites\/25\/2023\/09\/mj2009_11-29602129.jpg 1200w, https:\/\/blogs.correiobraziliense.com.br\/lianasabo\/wp-content\/uploads\/sites\/25\/2023\/09\/mj2009_11-29602129-300x199.jpg 300w, https:\/\/blogs.correiobraziliense.com.br\/lianasabo\/wp-content\/uploads\/sites\/25\/2023\/09\/mj2009_11-29602129-768x510.jpg 768w, https:\/\/blogs.correiobraziliense.com.br\/lianasabo\/wp-content\/uploads\/sites\/25\/2023\/09\/mj2009_11-29602129-1024x680.jpg 1024w, https:\/\/blogs.correiobraziliense.com.br\/lianasabo\/wp-content\/uploads\/sites\/25\/2023\/09\/mj2009_11-29602129-800x531.jpg 800w, https:\/\/blogs.correiobraziliense.com.br\/lianasabo\/wp-content\/uploads\/sites\/25\/2023\/09\/mj2009_11-29602129-550x365.jpg 550w, https:\/\/blogs.correiobraziliense.com.br\/lianasabo\/wp-content\/uploads\/sites\/25\/2023\/09\/mj2009_11-29602129-230x153.jpg 230w\" sizes=\"auto, (max-width: 1200px) 100vw, 1200px\" \/><\/a>\n\t\t\t<\/div>\n\t\t\t\t<figcaption class='wp-caption-text gallery-caption' id='gallery-1-7571'>\n\t\t\t\tCr\u00e9dito: Minervino J\u00fanior\/CB\/D.A Press\n\t\t\t\t<\/figcaption><\/figure><figure class='gallery-item'>\n\t\t\t<div class='gallery-icon landscape'>\n\t\t\t\t<a href='https:\/\/blogs.correiobraziliense.com.br\/lianasabo\/jakeline-daia-esta-a-frente-do-restaurante-da-escola-francesa-de-brasilia\/mj2009_10-29601936\/'><img loading=\"lazy\" decoding=\"async\" width=\"640\" height=\"426\" src=\"https:\/\/blogs.correiobraziliense.com.br\/lianasabo\/wp-content\/uploads\/sites\/25\/2023\/09\/mj2009_10-29601936.jpg\" class=\"attachment-full size-full\" alt=\"\" aria-describedby=\"gallery-1-7572\" srcset=\"https:\/\/blogs.correiobraziliense.com.br\/lianasabo\/wp-content\/uploads\/sites\/25\/2023\/09\/mj2009_10-29601936.jpg 640w, https:\/\/blogs.correiobraziliense.com.br\/lianasabo\/wp-content\/uploads\/sites\/25\/2023\/09\/mj2009_10-29601936-300x200.jpg 300w, https:\/\/blogs.correiobraziliense.com.br\/lianasabo\/wp-content\/uploads\/sites\/25\/2023\/09\/mj2009_10-29601936-550x366.jpg 550w, https:\/\/blogs.correiobraziliense.com.br\/lianasabo\/wp-content\/uploads\/sites\/25\/2023\/09\/mj2009_10-29601936-230x153.jpg 230w\" sizes=\"auto, (max-width: 640px) 100vw, 640px\" \/><\/a>\n\t\t\t<\/div>\n\t\t\t\t<figcaption class='wp-caption-text gallery-caption' id='gallery-1-7572'>\n\t\t\t\tCr\u00e9dito: Minervino J\u00fanior\/CB\/D.A Press\n\t\t\t\t<\/figcaption><\/figure>\n\t\t<\/div>\n\n<p>\u201cOs pratos que mais faziam sucesso era galinhada com creme de milho e feijoada com tartar de banana da terra\u201d, conta Jake, cuja comida faz quest\u00e3o de ressaltar \u201cn\u00e3o \u00e9 convencional\u201d, buscando sempre a brasilidade no sabor. \u201cEu tento fazer coisas diferenciadas com ingredientes do cerrado e do Brasil\u201d. Entre as sugest\u00f5es est\u00e3o nhoque de mangarito, farofa de baru com pimenta de macaco e bacon; queijadinha com baunilha do cerrado, musse de chocolate com baru e compota de cajuzinho do cerrado.<\/p>\n<p><strong>Escola francesa<\/strong><\/p>\n<p>Um dia, uma cliente informou que haveria licita\u00e7\u00e3o para explorar o servi\u00e7o de restaurante e lanchonete da Escola Francesa de Bras\u00edlia, que atende p\u00fablico interno formado por professores, funcion\u00e1rios e alunos. Jake se inscreveu entre 20 empresas concorrentes e saiu finalista com mais duas. A disputa entre as tr\u00eas se deu na pr\u00e1tica. Durante degusta\u00e7\u00e3o de pratos, venceu a chef de Uberaba, que \u00e0quela altura j\u00e1 estava matriculada no Iesb cursando gastronomia.<\/p>\n<p>\u201cServimos aproximadamente 800 refei\u00e7\u00f5es por dia\u201d, informa Jake, que comanda uma brigada de 17 pessoas. No menu, s\u00e3o muito apreciados moqueca, fil\u00e9-mignon curado com manteiga de garrafa e bai\u00e3o de dois, musse de queijo canastra, compota de frutas amarelas (caj\u00e1, cagaita e maracuj\u00e1) e crocante de baru.<\/p>\n<p>\u201cAtualmente nem uso mais dolm\u00e3 que meu trabalho \u00e9 de supervis\u00e3o. Fa\u00e7o os card\u00e1pios com a participa\u00e7\u00e3o da nutricionista e a equipe toda foi treinada por mim\u201d, comenta a chef, cujo contrato no Lyc\u00e9e Fran\u00e7ais Fran\u00e7ois Miterrand (QI 21 Lago Sul) n\u00e3o exige exclusividade. Assim ela est\u00e1 aberta a novas experi\u00eancias. Telefone: 99184-1728.<\/p>\n","protected":false},"excerpt":{"rendered":"<p>No card\u00e1pio, a chef aposta nos sabores do cerrado e do Brasil Mineira de Uberaba, aos 21 anos, Jakeline Daia desembarcou na capital com pai, m\u00e3e e uma irm\u00e3. Gostou logo de cara da cidade e procurou cursar biomedicina no Ceub, mas era a arte de transformar insumos em bons sabores o que mais a seduzia. Tanto que passou a [&hellip;]<\/p>\n","protected":false},"author":54,"featured_media":7570,"comment_status":"open","ping_status":"open","sticky":false,"template":"","format":"standard","meta":{"footnotes":""},"categories":[326],"tags":[895,894],"class_list":["post-7569","post","type-post","status-publish","format-standard","has-post-thumbnail","hentry","category-restaurantes","tag-escola-francesa-de-brasilia","tag-jakeline-daia"],"_links":{"self":[{"href":"https:\/\/blogs.correiobraziliense.com.br\/lianasabo\/wp-json\/wp\/v2\/posts\/7569","targetHints":{"allow":["GET"]}}],"collection":[{"href":"https:\/\/blogs.correiobraziliense.com.br\/lianasabo\/wp-json\/wp\/v2\/posts"}],"about":[{"href":"https:\/\/blogs.correiobraziliense.com.br\/lianasabo\/wp-json\/wp\/v2\/types\/post"}],"author":[{"embeddable":true,"href":"https:\/\/blogs.correiobraziliense.com.br\/lianasabo\/wp-json\/wp\/v2\/users\/54"}],"replies":[{"embeddable":true,"href":"https:\/\/blogs.correiobraziliense.com.br\/lianasabo\/wp-json\/wp\/v2\/comments?post=7569"}],"version-history":[{"count":1,"href":"https:\/\/blogs.correiobraziliense.com.br\/lianasabo\/wp-json\/wp\/v2\/posts\/7569\/revisions"}],"predecessor-version":[{"id":7573,"href":"https:\/\/blogs.correiobraziliense.com.br\/lianasabo\/wp-json\/wp\/v2\/posts\/7569\/revisions\/7573"}],"wp:featuredmedia":[{"embeddable":true,"href":"https:\/\/blogs.correiobraziliense.com.br\/lianasabo\/wp-json\/wp\/v2\/media\/7570"}],"wp:attachment":[{"href":"https:\/\/blogs.correiobraziliense.com.br\/lianasabo\/wp-json\/wp\/v2\/media?parent=7569"}],"wp:term":[{"taxonomy":"category","embeddable":true,"href":"https:\/\/blogs.correiobraziliense.com.br\/lianasabo\/wp-json\/wp\/v2\/categories?post=7569"},{"taxonomy":"post_tag","embeddable":true,"href":"https:\/\/blogs.correiobraziliense.com.br\/lianasabo\/wp-json\/wp\/v2\/tags?post=7569"}],"curies":[{"name":"wp","href":"https:\/\/api.w.org\/{rel}","templated":true}]}}