{"id":756,"date":"2016-12-02T18:24:40","date_gmt":"2016-12-02T20:24:40","guid":{"rendered":"https:\/\/blogs.correiobraziliense.com.br\/lianasabo\/?p=756"},"modified":"2016-12-02T18:24:40","modified_gmt":"2016-12-02T20:24:40","slug":"festival-bar-em-bar-alcanca-sucesso","status":"publish","type":"post","link":"https:\/\/blogs.correiobraziliense.com.br\/lianasabo\/festival-bar-em-bar-alcanca-sucesso\/","title":{"rendered":"Festival Bar em Bar alcan\u00e7a sucesso. Veja os vencedores!"},"content":{"rendered":"<p>\u201cEstamos muito felizes com o resultado do festival\u201d, proclamou o presidente da Abrasel-DF, Rodrigo Freire, ao informar que cada casa \u201cvendeu em m\u00e9dia 300 petiscos num aumento significativo no movimento dos bares e restaurantes em rela\u00e7\u00e3o ao ano passado. Freire comandou a noite de premia\u00e7\u00e3o realizada no Iate Clube de Bras\u00edlia, onde foram divulgados os destaques.<\/p>\n<p>O pr\u00eamio do melhor petisco foi compartilhado entre o Carpe Diem e o Armaz\u00e9m Carne de Sol, do Gama. Executado nos quatro endere\u00e7os da grife, o prato do Carpe Diem chamou-se Quadrilha e \u00e9 composto de bolinho de risoto com gorgonzola e frutas vermelhas; bolinho de mandioca com brie e geleia de pimenta; lingui\u00e7a de pernil com mostarda e mel, e polpetas com pesto de azeitona, que serve tr\u00eas pessoas. Diante do pedido de clientes, Fernanda La Rocque, s\u00f3cia-propriet\u00e1ria do grupo, decidiu manter o petisco no menu.<\/p>\n<p>&nbsp;<\/p>\n<figure id=\"attachment_758\" aria-describedby=\"caption-attachment-758\" style=\"width: 300px\" class=\"wp-caption alignleft\"><a href=\"https:\/\/blogs.correiobraziliense.com.br\/lianasabo\/wp-content\/uploads\/sites\/25\/2016\/12\/CBPFOT021220160507.jpg\" rel=\"attachment wp-att-758\"><img loading=\"lazy\" decoding=\"async\" class=\"size-medium wp-image-758\" src=\"https:\/\/blogs.correiobraziliense.com.br\/lianasabo\/wp-content\/uploads\/sites\/25\/2016\/12\/CBPFOT021220160507-300x225.jpg\" alt=\"02\/12\/2016. Cr\u00e9dito: Liana Sabo\/CB\/D.A Press. Brasil. Bras\u00edlia - DF. Prato &quot;Quarteto Fant\u00e1stico&quot; do restaurante Carpe Diem.\" width=\"300\" height=\"225\" srcset=\"https:\/\/blogs.correiobraziliense.com.br\/lianasabo\/wp-content\/uploads\/sites\/25\/2016\/12\/CBPFOT021220160507-300x225.jpg 300w, https:\/\/blogs.correiobraziliense.com.br\/lianasabo\/wp-content\/uploads\/sites\/25\/2016\/12\/CBPFOT021220160507-768x576.jpg 768w, https:\/\/blogs.correiobraziliense.com.br\/lianasabo\/wp-content\/uploads\/sites\/25\/2016\/12\/CBPFOT021220160507-550x413.jpg 550w, https:\/\/blogs.correiobraziliense.com.br\/lianasabo\/wp-content\/uploads\/sites\/25\/2016\/12\/CBPFOT021220160507-230x173.jpg 230w, https:\/\/blogs.correiobraziliense.com.br\/lianasabo\/wp-content\/uploads\/sites\/25\/2016\/12\/CBPFOT021220160507.jpg 800w\" sizes=\"auto, (max-width: 300px) 100vw, 300px\" \/><\/a><figcaption id=\"caption-attachment-758\" class=\"wp-caption-text\">02\/12\/2016. Cr\u00e9dito: Liana Sabo\/CB\/D.A Press. Brasil. Bras\u00edlia &#8211; DF. Prato &#8220;Quarteto Fant\u00e1stico&#8221; do restaurante Carpe Diem.<\/figcaption><\/figure>\n<p>O outro vencedor foi o Cupim de Sol, acompanhado de mandioca, elaborado pelo estabelecimento do Gama, estreante no festival, que levou ainda o premio de melhor atendimento dividido com a Cantina da Massa, da 303 Sul. \u201cPara n\u00f3s, o pr\u00eamio foi uma surpresa\u201d, declarou Guilherme Viegas, s\u00f3cio-propriet\u00e1rio do Armaz\u00e9m 21 Carne de Sol. O pre\u00e7o do petisco \u00e9 o mesmo do festival do ano passado: R$ 30.<\/p>\n<h3>Ouro e prata<\/h3>\n<p>&nbsp;<\/p>\n<p>Durante a festa de encerramento do festival, que durou 20 dias, reuniu 41 estabelecimentos e serviu mais de 10 mil petiscos, foram prestadas duas homenagens da categoria: uma ao Beirute, que recebeu o trof\u00e9u Bodas de Ouro, em comemora\u00e7\u00e3o aos 50 anos de exist\u00eancia, e outra ao Carpe Diem , que ganhou o trof\u00e9u Bodas de Prata pelos 25 anos do restaurante.<\/p>\n<p>Ainda do Gama, veio outro premiado, Vicente de Sousa, eleito melhor gar\u00e7om. Tamb\u00e9m venceu em duas categorias o Universal Diner: melhor ambiente e melhor drinque. J\u00e1 o melhor barman foi Del Silva, do Dudu Bar (303 Sul). Tonico Lichtsztejn arrebatou para o seu 400Quatrocentos o pr\u00eamio revela\u00e7\u00e3o. E a melhor das redes foi o Sarar\u00e1 Bar &amp; Petiscaria, mais um do Gama. A bebida mais gelada quem serve \u00e9 o Godofredo.<\/p>\n","protected":false},"excerpt":{"rendered":"<p>\u201cEstamos muito felizes com o resultado do festival\u201d, proclamou o presidente da Abrasel-DF, Rodrigo Freire, ao informar que cada casa \u201cvendeu em m\u00e9dia 300 petiscos num aumento significativo no movimento dos bares e restaurantes em rela\u00e7\u00e3o ao ano passado. Freire comandou a noite de premia\u00e7\u00e3o realizada no Iate Clube de Bras\u00edlia, onde foram divulgados os destaques. O pr\u00eamio do melhor [&hellip;]<\/p>\n","protected":false},"author":54,"featured_media":757,"comment_status":"open","ping_status":"open","sticky":false,"template":"","format":"standard","meta":{"footnotes":""},"categories":[1],"tags":[],"class_list":["post-756","post","type-post","status-publish","format-standard","has-post-thumbnail","hentry","category-sem-categoria"],"_links":{"self":[{"href":"https:\/\/blogs.correiobraziliense.com.br\/lianasabo\/wp-json\/wp\/v2\/posts\/756","targetHints":{"allow":["GET"]}}],"collection":[{"href":"https:\/\/blogs.correiobraziliense.com.br\/lianasabo\/wp-json\/wp\/v2\/posts"}],"about":[{"href":"https:\/\/blogs.correiobraziliense.com.br\/lianasabo\/wp-json\/wp\/v2\/types\/post"}],"author":[{"embeddable":true,"href":"https:\/\/blogs.correiobraziliense.com.br\/lianasabo\/wp-json\/wp\/v2\/users\/54"}],"replies":[{"embeddable":true,"href":"https:\/\/blogs.correiobraziliense.com.br\/lianasabo\/wp-json\/wp\/v2\/comments?post=756"}],"version-history":[{"count":1,"href":"https:\/\/blogs.correiobraziliense.com.br\/lianasabo\/wp-json\/wp\/v2\/posts\/756\/revisions"}],"predecessor-version":[{"id":759,"href":"https:\/\/blogs.correiobraziliense.com.br\/lianasabo\/wp-json\/wp\/v2\/posts\/756\/revisions\/759"}],"wp:featuredmedia":[{"embeddable":true,"href":"https:\/\/blogs.correiobraziliense.com.br\/lianasabo\/wp-json\/wp\/v2\/media\/757"}],"wp:attachment":[{"href":"https:\/\/blogs.correiobraziliense.com.br\/lianasabo\/wp-json\/wp\/v2\/media?parent=756"}],"wp:term":[{"taxonomy":"category","embeddable":true,"href":"https:\/\/blogs.correiobraziliense.com.br\/lianasabo\/wp-json\/wp\/v2\/categories?post=756"},{"taxonomy":"post_tag","embeddable":true,"href":"https:\/\/blogs.correiobraziliense.com.br\/lianasabo\/wp-json\/wp\/v2\/tags?post=756"}],"curies":[{"name":"wp","href":"https:\/\/api.w.org\/{rel}","templated":true}]}}