{"id":7552,"date":"2023-09-22T05:59:34","date_gmt":"2023-09-22T08:59:34","guid":{"rendered":"https:\/\/blogs.correiobraziliense.com.br\/lianasabo\/?p=7552"},"modified":"2023-09-21T23:28:26","modified_gmt":"2023-09-22T02:28:26","slug":"restaurante-na-asa-sul-promove-dia-do-vinho-com-60-rotulos","status":"publish","type":"post","link":"https:\/\/blogs.correiobraziliense.com.br\/lianasabo\/restaurante-na-asa-sul-promove-dia-do-vinho-com-60-rotulos\/","title":{"rendered":"Restaurante na Asa Sul promove dia do vinho com 60 r\u00f3tulos"},"content":{"rendered":"<p><em>Entre as garrafas selecionadas para o evento est\u00e3o bebidas de origem argetina, italiana, portuguesa e brasileira<\/em><\/p>\n<p>No Rio Grande do Sul, o Dia do Vinho \u00e9 comemorado no primeiro domingo de junho, quando os term\u00f4metros apontam baixa temperatura ideal para sorver bons goles da bebida&#8230;brasileira. E as festividades continuam por v\u00e1rios dias.<\/p>\n<p>J\u00e1 por aqui, o importante \u00e9 \u201ccelebrar degustando excelentes vinhos e aproveitar uma boa gastronomia\u00a0 em uma noite agrad\u00e1vel preparada com muito carinho\u201d, convida a chef Ticiana Werner, idealizadora do Dia do Vinho em seu restaurante hom\u00f4nimo, que promove a terceira edi\u00e7\u00e3o segunda-feira, das 19h \u00e0s 23h30.<\/p>\n<p>Ser\u00e3o 60 r\u00f3tulos argentinos, italianos e portugueses, al\u00e9m de brasileiros, \u00e9 claro, trazidos pela importadora Del Maipo e servidos no embalo de m\u00fasica ao vivo, interpretada por Gabi Nascimento e Gregoree J\u00fanior. No buf\u00ea, risotos e massas artesanais por R$ 240. Telefone: 98371-0611 (whatsapp).<\/p>\n","protected":false},"excerpt":{"rendered":"<p>Entre as garrafas selecionadas para o evento est\u00e3o bebidas de origem argetina, italiana, portuguesa e brasileira No Rio Grande do Sul, o Dia do Vinho \u00e9 comemorado no primeiro domingo de junho, quando os term\u00f4metros apontam baixa temperatura ideal para sorver bons goles da bebida&#8230;brasileira. E as festividades continuam por v\u00e1rios dias. J\u00e1 por aqui, o importante \u00e9 \u201ccelebrar degustando [&hellip;]<\/p>\n","protected":false},"author":54,"featured_media":7553,"comment_status":"open","ping_status":"open","sticky":false,"template":"","format":"standard","meta":{"footnotes":""},"categories":[222],"tags":[889,363,890],"class_list":["post-7552","post","type-post","status-publish","format-standard","has-post-thumbnail","hentry","category-vinhos","tag-dia-do-vinho","tag-evento","tag-ticiane-werner"],"_links":{"self":[{"href":"https:\/\/blogs.correiobraziliense.com.br\/lianasabo\/wp-json\/wp\/v2\/posts\/7552","targetHints":{"allow":["GET"]}}],"collection":[{"href":"https:\/\/blogs.correiobraziliense.com.br\/lianasabo\/wp-json\/wp\/v2\/posts"}],"about":[{"href":"https:\/\/blogs.correiobraziliense.com.br\/lianasabo\/wp-json\/wp\/v2\/types\/post"}],"author":[{"embeddable":true,"href":"https:\/\/blogs.correiobraziliense.com.br\/lianasabo\/wp-json\/wp\/v2\/users\/54"}],"replies":[{"embeddable":true,"href":"https:\/\/blogs.correiobraziliense.com.br\/lianasabo\/wp-json\/wp\/v2\/comments?post=7552"}],"version-history":[{"count":2,"href":"https:\/\/blogs.correiobraziliense.com.br\/lianasabo\/wp-json\/wp\/v2\/posts\/7552\/revisions"}],"predecessor-version":[{"id":7567,"href":"https:\/\/blogs.correiobraziliense.com.br\/lianasabo\/wp-json\/wp\/v2\/posts\/7552\/revisions\/7567"}],"wp:featuredmedia":[{"embeddable":true,"href":"https:\/\/blogs.correiobraziliense.com.br\/lianasabo\/wp-json\/wp\/v2\/media\/7553"}],"wp:attachment":[{"href":"https:\/\/blogs.correiobraziliense.com.br\/lianasabo\/wp-json\/wp\/v2\/media?parent=7552"}],"wp:term":[{"taxonomy":"category","embeddable":true,"href":"https:\/\/blogs.correiobraziliense.com.br\/lianasabo\/wp-json\/wp\/v2\/categories?post=7552"},{"taxonomy":"post_tag","embeddable":true,"href":"https:\/\/blogs.correiobraziliense.com.br\/lianasabo\/wp-json\/wp\/v2\/tags?post=7552"}],"curies":[{"name":"wp","href":"https:\/\/api.w.org\/{rel}","templated":true}]}}