{"id":7549,"date":"2023-09-22T06:31:59","date_gmt":"2023-09-22T09:31:59","guid":{"rendered":"https:\/\/blogs.correiobraziliense.com.br\/lianasabo\/?p=7549"},"modified":"2023-09-22T06:32:59","modified_gmt":"2023-09-22T09:32:59","slug":"talentos-do-circuito-brasiliense-estao-no-masterchef-profissionais","status":"publish","type":"post","link":"https:\/\/blogs.correiobraziliense.com.br\/lianasabo\/talentos-do-circuito-brasiliense-estao-no-masterchef-profissionais\/","title":{"rendered":"Talentos do circuito brasiliense est\u00e3o no Masterchef Profissionais"},"content":{"rendered":"<p><em>Babi Fraz\u00e3o e Raquel Amaral representam o quadradinho na nova temporada do programa de culin\u00e1ria<\/em><\/p>\n<p>Ter\u00e7a-feira o brasiliense ficou grudado com o olho na telinha na estreia de <em>Masterchef Profissionais<\/em> na Band trazendo entre 14 participante vindos dos quatro cantos do pa\u00eds duas queridas cozinheiras que atuam no circuito gastron\u00f4mico brasiliense: Babi Fraz\u00e3o, do Afeto Restaurante, e Raquel Amaral.<\/p>\n<p>Em homenagem \u00e0 gastronomia brasileira e para valorizar insumos nacionais, como destacou o programa, elas tiveram que enfrentar um monte de p\u00e9s de galinha, que costumam ser descartados em algumas cozinhas. Prova de fogo para as meninas que voltam na ter\u00e7a, 26. Boa sorte.<\/p>\n","protected":false},"excerpt":{"rendered":"<p>Babi Fraz\u00e3o e Raquel Amaral representam o quadradinho na nova temporada do programa de culin\u00e1ria Ter\u00e7a-feira o brasiliense ficou grudado com o olho na telinha na estreia de Masterchef Profissionais na Band trazendo entre 14 participante vindos dos quatro cantos do pa\u00eds duas queridas cozinheiras que atuam no circuito gastron\u00f4mico brasiliense: Babi Fraz\u00e3o, do Afeto Restaurante, e Raquel Amaral. Em [&hellip;]<\/p>\n","protected":false},"author":54,"featured_media":7550,"comment_status":"open","ping_status":"open","sticky":false,"template":"","format":"standard","meta":{"footnotes":""},"categories":[885],"tags":[886,888,887,407],"class_list":["post-7549","post","type-post","status-publish","format-standard","has-post-thumbnail","hentry","category-masterchef","tag-babi-frazao","tag-band","tag-masterchef-profissionais","tag-raquel-amaral"],"_links":{"self":[{"href":"https:\/\/blogs.correiobraziliense.com.br\/lianasabo\/wp-json\/wp\/v2\/posts\/7549","targetHints":{"allow":["GET"]}}],"collection":[{"href":"https:\/\/blogs.correiobraziliense.com.br\/lianasabo\/wp-json\/wp\/v2\/posts"}],"about":[{"href":"https:\/\/blogs.correiobraziliense.com.br\/lianasabo\/wp-json\/wp\/v2\/types\/post"}],"author":[{"embeddable":true,"href":"https:\/\/blogs.correiobraziliense.com.br\/lianasabo\/wp-json\/wp\/v2\/users\/54"}],"replies":[{"embeddable":true,"href":"https:\/\/blogs.correiobraziliense.com.br\/lianasabo\/wp-json\/wp\/v2\/comments?post=7549"}],"version-history":[{"count":1,"href":"https:\/\/blogs.correiobraziliense.com.br\/lianasabo\/wp-json\/wp\/v2\/posts\/7549\/revisions"}],"predecessor-version":[{"id":7551,"href":"https:\/\/blogs.correiobraziliense.com.br\/lianasabo\/wp-json\/wp\/v2\/posts\/7549\/revisions\/7551"}],"wp:featuredmedia":[{"embeddable":true,"href":"https:\/\/blogs.correiobraziliense.com.br\/lianasabo\/wp-json\/wp\/v2\/media\/7550"}],"wp:attachment":[{"href":"https:\/\/blogs.correiobraziliense.com.br\/lianasabo\/wp-json\/wp\/v2\/media?parent=7549"}],"wp:term":[{"taxonomy":"category","embeddable":true,"href":"https:\/\/blogs.correiobraziliense.com.br\/lianasabo\/wp-json\/wp\/v2\/categories?post=7549"},{"taxonomy":"post_tag","embeddable":true,"href":"https:\/\/blogs.correiobraziliense.com.br\/lianasabo\/wp-json\/wp\/v2\/tags?post=7549"}],"curies":[{"name":"wp","href":"https:\/\/api.w.org\/{rel}","templated":true}]}}