{"id":7546,"date":"2023-09-22T06:31:09","date_gmt":"2023-09-22T09:31:09","guid":{"rendered":"https:\/\/blogs.correiobraziliense.com.br\/lianasabo\/?p=7546"},"modified":"2023-09-22T06:31:09","modified_gmt":"2023-09-22T09:31:09","slug":"conheca-os-dez-melhores-azeites-do-brasil-segundo-a-cna","status":"publish","type":"post","link":"https:\/\/blogs.correiobraziliense.com.br\/lianasabo\/conheca-os-dez-melhores-azeites-do-brasil-segundo-a-cna\/","title":{"rendered":"Conhe\u00e7a os dez melhores azeites do Brasil, segundo a CNA"},"content":{"rendered":"<p><em>Entre os finalistas, nove s\u00e3o do Rio Grande do Sul e apenas um \u00e9 de Minas Gerais<\/em><\/p>\n<p>Com o objetivo de estimular o desenvolvimento da cadeia produtiva do azeite de oliva, a <a href=\"http:\/\/sabo\/premio-cna-artesanal-vai-premiar-o-melhor-azeite-extra-virgem-obtido-no-brasil\/\">Confedera\u00e7\u00e3o da Agricultura e Pecu\u00e1ria do Brasil (CNA) promoveu concurso<\/a> para premiar os pequenos e m\u00e9dios produtores. \u201cMuitos pa\u00edses do mundo j\u00e1 tem a tradi\u00e7\u00e3o de produzir um azeite de qualidade e hoje n\u00f3s, por meio dessa premia\u00e7\u00e3o mostramos produtos excelentes, afirmou o vice-presidente da CNA, Jos\u00e9 M\u00e1rio Schreiner, na cerim\u00f4nia de entrega dos pr\u00eamios.<\/p>\n<figure id=\"attachment_7556\" aria-describedby=\"caption-attachment-7556\" style=\"width: 212px\" class=\"wp-caption alignleft\"><a href=\"https:\/\/blogs.correiobraziliense.com.br\/lianasabo\/wp-content\/uploads\/sites\/25\/2023\/09\/azeite.jpg\"><img loading=\"lazy\" decoding=\"async\" class=\"size-medium wp-image-7556\" src=\"https:\/\/blogs.correiobraziliense.com.br\/lianasabo\/wp-content\/uploads\/sites\/25\/2023\/09\/azeite-212x300.jpg\" alt=\"\" width=\"212\" height=\"300\" srcset=\"https:\/\/blogs.correiobraziliense.com.br\/lianasabo\/wp-content\/uploads\/sites\/25\/2023\/09\/azeite-212x300.jpg 212w, https:\/\/blogs.correiobraziliense.com.br\/lianasabo\/wp-content\/uploads\/sites\/25\/2023\/09\/azeite-550x780.jpg 550w, https:\/\/blogs.correiobraziliense.com.br\/lianasabo\/wp-content\/uploads\/sites\/25\/2023\/09\/azeite-230x326.jpg 230w, https:\/\/blogs.correiobraziliense.com.br\/lianasabo\/wp-content\/uploads\/sites\/25\/2023\/09\/azeite.jpg 588w\" sizes=\"auto, (max-width: 212px) 100vw, 212px\" \/><\/a><figcaption id=\"caption-attachment-7556\" class=\"wp-caption-text\">Azeite Capolivo Arbequina<\/figcaption><\/figure>\n<p>Quase 60 azeites brasileiros se inscreveram na prova que teve tr\u00eas etapas eliminat\u00f3rias: j\u00fari t\u00e9cnico, j\u00fari popular e an\u00e1lise da hist\u00f3ria do produto. A disputa se deu em duas categorias: blend (mais de uma azeitona usada na produ\u00e7\u00e3o) e monovarietal (azeite produzido com apenas um cultivar).<\/p>\n<p>Com a \u00fanica exce\u00e7\u00e3o de um azeite mineiro \u2013 Irarema de S\u00e3o Sebasti\u00e3o da Grama &#8211; , todos os nove finalistas s\u00e3o produzidos nos olivais do Rio Grande do Sul, que j\u00e1 tem 321 produtores e vem recebendo ao longo dos anos reconhecimento internacional pela qualidade dos r\u00f3tulos.<\/p>\n<p>Os cinco melhores monovarietais s\u00e3o Capolivo, Ouro de Santana, Lagar H, Cadenza e Milonga. Na categoria blend, Sabi\u00e1 conquistou o primeiro lugar seguido por Heran\u00e7a do Cerro, Irarema, Bem-te-vi e Casa Gabriel.<\/p>\n","protected":false},"excerpt":{"rendered":"<p>Entre os finalistas, nove s\u00e3o do Rio Grande do Sul e apenas um \u00e9 de Minas Gerais Com o objetivo de estimular o desenvolvimento da cadeia produtiva do azeite de oliva, a Confedera\u00e7\u00e3o da Agricultura e Pecu\u00e1ria do Brasil (CNA) promoveu concurso para premiar os pequenos e m\u00e9dios produtores. \u201cMuitos pa\u00edses do mundo j\u00e1 tem a tradi\u00e7\u00e3o de produzir um [&hellip;]<\/p>\n","protected":false},"author":54,"featured_media":7547,"comment_status":"open","ping_status":"open","sticky":false,"template":"","format":"standard","meta":{"footnotes":""},"categories":[754],"tags":[321,440,884],"class_list":["post-7546","post","type-post","status-publish","format-standard","has-post-thumbnail","hentry","category-premio","tag-azeite","tag-concurso","tag-confederacao-da-agricultura-e-pecuaria-do-brasil-cna"],"_links":{"self":[{"href":"https:\/\/blogs.correiobraziliense.com.br\/lianasabo\/wp-json\/wp\/v2\/posts\/7546","targetHints":{"allow":["GET"]}}],"collection":[{"href":"https:\/\/blogs.correiobraziliense.com.br\/lianasabo\/wp-json\/wp\/v2\/posts"}],"about":[{"href":"https:\/\/blogs.correiobraziliense.com.br\/lianasabo\/wp-json\/wp\/v2\/types\/post"}],"author":[{"embeddable":true,"href":"https:\/\/blogs.correiobraziliense.com.br\/lianasabo\/wp-json\/wp\/v2\/users\/54"}],"replies":[{"embeddable":true,"href":"https:\/\/blogs.correiobraziliense.com.br\/lianasabo\/wp-json\/wp\/v2\/comments?post=7546"}],"version-history":[{"count":4,"href":"https:\/\/blogs.correiobraziliense.com.br\/lianasabo\/wp-json\/wp\/v2\/posts\/7546\/revisions"}],"predecessor-version":[{"id":7559,"href":"https:\/\/blogs.correiobraziliense.com.br\/lianasabo\/wp-json\/wp\/v2\/posts\/7546\/revisions\/7559"}],"wp:featuredmedia":[{"embeddable":true,"href":"https:\/\/blogs.correiobraziliense.com.br\/lianasabo\/wp-json\/wp\/v2\/media\/7547"}],"wp:attachment":[{"href":"https:\/\/blogs.correiobraziliense.com.br\/lianasabo\/wp-json\/wp\/v2\/media?parent=7546"}],"wp:term":[{"taxonomy":"category","embeddable":true,"href":"https:\/\/blogs.correiobraziliense.com.br\/lianasabo\/wp-json\/wp\/v2\/categories?post=7546"},{"taxonomy":"post_tag","embeddable":true,"href":"https:\/\/blogs.correiobraziliense.com.br\/lianasabo\/wp-json\/wp\/v2\/tags?post=7546"}],"curies":[{"name":"wp","href":"https:\/\/api.w.org\/{rel}","templated":true}]}}