{"id":7526,"date":"2023-09-15T14:07:18","date_gmt":"2023-09-15T17:07:18","guid":{"rendered":"https:\/\/blogs.correiobraziliense.com.br\/lianasabo\/?p=7526"},"modified":"2023-09-15T14:07:18","modified_gmt":"2023-09-15T17:07:18","slug":"feijoada-com-samba-e-dose-dupla-de-caipirinha-e-chope-em-restaurante-na-asa-sul","status":"publish","type":"post","link":"https:\/\/blogs.correiobraziliense.com.br\/lianasabo\/feijoada-com-samba-e-dose-dupla-de-caipirinha-e-chope-em-restaurante-na-asa-sul\/","title":{"rendered":"Feijoada com samba e dose dupla de caipirinha e chope em restaurante na Asa Sul"},"content":{"rendered":"<p>O s\u00e1bado \u00e9 conhecido tradicionalmente como o dia da feijoada no Brasil. Na Mercearia Bar &amp; Restaurante, o prato come\u00e7ara a ser servido no dia das 12h \u00e0s 16h por R$ 59,90, por pessoa e \u00e0 vontade. Al\u00e9m da comida, quem for at\u00e9 o estabelecimento no dia 16 de setembro poder\u00e1 curtir o samba do grupo Na Medida e beber a dose dupla de caipirinha e de chope da Brahma durante toda \u00e0 tarde.<\/p>\n<p>Mercearia Bar &amp; Restaurante fica na 404 Sul, Bl. C, lj. 7 e funciona segunda e ter\u00e7a-feira, das 12h \u00e0s 15h; quarta-feira a s\u00e1bado, das 12h \u00e0 0h; e domingo, das 12h \u00e0s 17h. Informa\u00e7\u00f5es: <a href=\"https:\/\/www.instagram.com\/merceariabarerestaurante\/\">@merceariabarerestaurante<\/a>.<\/p>\n","protected":false},"excerpt":{"rendered":"<p>O s\u00e1bado \u00e9 conhecido tradicionalmente como o dia da feijoada no Brasil. Na Mercearia Bar &amp; Restaurante, o prato come\u00e7ara a ser servido no dia das 12h \u00e0s 16h por R$ 59,90, por pessoa e \u00e0 vontade. Al\u00e9m da comida, quem for at\u00e9 o estabelecimento no dia 16 de setembro poder\u00e1 curtir o samba do grupo Na Medida e beber [&hellip;]<\/p>\n","protected":false},"author":54,"featured_media":7527,"comment_status":"open","ping_status":"open","sticky":false,"template":"","format":"standard","meta":{"footnotes":""},"categories":[326],"tags":[310,748,881],"class_list":["post-7526","post","type-post","status-publish","format-standard","has-post-thumbnail","hentry","category-restaurantes","tag-feijoada","tag-mercearia-bar-restaurante","tag-samba"],"_links":{"self":[{"href":"https:\/\/blogs.correiobraziliense.com.br\/lianasabo\/wp-json\/wp\/v2\/posts\/7526","targetHints":{"allow":["GET"]}}],"collection":[{"href":"https:\/\/blogs.correiobraziliense.com.br\/lianasabo\/wp-json\/wp\/v2\/posts"}],"about":[{"href":"https:\/\/blogs.correiobraziliense.com.br\/lianasabo\/wp-json\/wp\/v2\/types\/post"}],"author":[{"embeddable":true,"href":"https:\/\/blogs.correiobraziliense.com.br\/lianasabo\/wp-json\/wp\/v2\/users\/54"}],"replies":[{"embeddable":true,"href":"https:\/\/blogs.correiobraziliense.com.br\/lianasabo\/wp-json\/wp\/v2\/comments?post=7526"}],"version-history":[{"count":1,"href":"https:\/\/blogs.correiobraziliense.com.br\/lianasabo\/wp-json\/wp\/v2\/posts\/7526\/revisions"}],"predecessor-version":[{"id":7528,"href":"https:\/\/blogs.correiobraziliense.com.br\/lianasabo\/wp-json\/wp\/v2\/posts\/7526\/revisions\/7528"}],"wp:featuredmedia":[{"embeddable":true,"href":"https:\/\/blogs.correiobraziliense.com.br\/lianasabo\/wp-json\/wp\/v2\/media\/7527"}],"wp:attachment":[{"href":"https:\/\/blogs.correiobraziliense.com.br\/lianasabo\/wp-json\/wp\/v2\/media?parent=7526"}],"wp:term":[{"taxonomy":"category","embeddable":true,"href":"https:\/\/blogs.correiobraziliense.com.br\/lianasabo\/wp-json\/wp\/v2\/categories?post=7526"},{"taxonomy":"post_tag","embeddable":true,"href":"https:\/\/blogs.correiobraziliense.com.br\/lianasabo\/wp-json\/wp\/v2\/tags?post=7526"}],"curies":[{"name":"wp","href":"https:\/\/api.w.org\/{rel}","templated":true}]}}