{"id":7523,"date":"2023-09-15T06:19:36","date_gmt":"2023-09-15T09:19:36","guid":{"rendered":"https:\/\/blogs.correiobraziliense.com.br\/lianasabo\/?p=7523"},"modified":"2023-09-14T20:27:07","modified_gmt":"2023-09-14T23:27:07","slug":"wine-farm-realiza-segunda-edicao-na-costelaria-gaucha","status":"publish","type":"post","link":"https:\/\/blogs.correiobraziliense.com.br\/lianasabo\/wine-farm-realiza-segunda-edicao-na-costelaria-gaucha\/","title":{"rendered":"Wine Farm realiza segunda edi\u00e7\u00e3o na Costelaria Ga\u00facha"},"content":{"rendered":"<p><em>Ser\u00e3o dois dias de evento com harmoniza\u00e7\u00e3o de vinhos brasileiros e internacionais<\/em><\/p>\n<p>O sucesso do primeiro Wine Farm foi tanto que o evento repete a f\u00f3rmula com um dia a mais. Hoje e amanh\u00e3, no hor\u00e1rio das 17h \u00e0s 23h voc\u00ea poder\u00e1 curtir bons goles e se deliciar com petiscos, entre eles, pastel de costela e polenta frita, que harmonizam com r\u00f3tulos brasileiros e de outros pa\u00edses produtores no total de 80. Custa R$ 25 a entrada adquirida no <a href=\"https:\/\/www.sympla.com.br\/evento\/wine-farm-15-09\/2116481\">Sympla<\/a> para a Costelaria Ga\u00facha, onde os vinhos ser\u00e3o servidos em doses, cujos pre\u00e7os contemplam quatro categorias: R$ 8, R$ 12, R$ 15 e R$ 20.<\/p>\n","protected":false},"excerpt":{"rendered":"<p>Ser\u00e3o dois dias de evento com harmoniza\u00e7\u00e3o de vinhos brasileiros e internacionais<\/p>\n","protected":false},"author":54,"featured_media":7524,"comment_status":"open","ping_status":"open","sticky":false,"template":"","format":"standard","meta":{"footnotes":""},"categories":[222],"tags":[92,810],"class_list":["post-7523","post","type-post","status-publish","format-standard","has-post-thumbnail","hentry","category-vinhos","tag-vinho","tag-wine-farm"],"_links":{"self":[{"href":"https:\/\/blogs.correiobraziliense.com.br\/lianasabo\/wp-json\/wp\/v2\/posts\/7523","targetHints":{"allow":["GET"]}}],"collection":[{"href":"https:\/\/blogs.correiobraziliense.com.br\/lianasabo\/wp-json\/wp\/v2\/posts"}],"about":[{"href":"https:\/\/blogs.correiobraziliense.com.br\/lianasabo\/wp-json\/wp\/v2\/types\/post"}],"author":[{"embeddable":true,"href":"https:\/\/blogs.correiobraziliense.com.br\/lianasabo\/wp-json\/wp\/v2\/users\/54"}],"replies":[{"embeddable":true,"href":"https:\/\/blogs.correiobraziliense.com.br\/lianasabo\/wp-json\/wp\/v2\/comments?post=7523"}],"version-history":[{"count":1,"href":"https:\/\/blogs.correiobraziliense.com.br\/lianasabo\/wp-json\/wp\/v2\/posts\/7523\/revisions"}],"predecessor-version":[{"id":7525,"href":"https:\/\/blogs.correiobraziliense.com.br\/lianasabo\/wp-json\/wp\/v2\/posts\/7523\/revisions\/7525"}],"wp:featuredmedia":[{"embeddable":true,"href":"https:\/\/blogs.correiobraziliense.com.br\/lianasabo\/wp-json\/wp\/v2\/media\/7524"}],"wp:attachment":[{"href":"https:\/\/blogs.correiobraziliense.com.br\/lianasabo\/wp-json\/wp\/v2\/media?parent=7523"}],"wp:term":[{"taxonomy":"category","embeddable":true,"href":"https:\/\/blogs.correiobraziliense.com.br\/lianasabo\/wp-json\/wp\/v2\/categories?post=7523"},{"taxonomy":"post_tag","embeddable":true,"href":"https:\/\/blogs.correiobraziliense.com.br\/lianasabo\/wp-json\/wp\/v2\/tags?post=7523"}],"curies":[{"name":"wp","href":"https:\/\/api.w.org\/{rel}","templated":true}]}}