{"id":7505,"date":"2023-09-15T06:21:41","date_gmt":"2023-09-15T09:21:41","guid":{"rendered":"https:\/\/blogs.correiobraziliense.com.br\/lianasabo\/?p=7505"},"modified":"2023-09-14T20:09:38","modified_gmt":"2023-09-14T23:09:38","slug":"grife-marcia-pimentel-e-chef-flavio-pimentel-assumem-bufe-do-clube-do-exercito","status":"publish","type":"post","link":"https:\/\/blogs.correiobraziliense.com.br\/lianasabo\/grife-marcia-pimentel-e-chef-flavio-pimentel-assumem-bufe-do-clube-do-exercito\/","title":{"rendered":"M\u00e1rcia Pimentel e Flavio Pimentel assumem buf\u00ea do Clube do Ex\u00e9rcito"},"content":{"rendered":"<p><em>A dupla est\u00e1 \u00e0 frente do almo\u00e7o que est\u00e1 aberto ao p\u00fablico das 12h \u00e0s 15h aos domingos no Setor de Clubes Sul<\/em><\/p>\n<figure id=\"attachment_7506\" aria-describedby=\"caption-attachment-7506\" style=\"width: 225px\" class=\"wp-caption alignleft\"><a href=\"https:\/\/blogs.correiobraziliense.com.br\/lianasabo\/wp-content\/uploads\/sites\/25\/2023\/09\/WhatsApp-Image-2023-09-14-at-18.05.39-1.jpeg\"><img loading=\"lazy\" decoding=\"async\" class=\"wp-image-7506 size-medium\" src=\"https:\/\/blogs.correiobraziliense.com.br\/lianasabo\/wp-content\/uploads\/sites\/25\/2023\/09\/WhatsApp-Image-2023-09-14-at-18.05.39-1-225x300.jpeg\" alt=\"\" width=\"225\" height=\"300\" srcset=\"https:\/\/blogs.correiobraziliense.com.br\/lianasabo\/wp-content\/uploads\/sites\/25\/2023\/09\/WhatsApp-Image-2023-09-14-at-18.05.39-1-225x300.jpeg 225w, https:\/\/blogs.correiobraziliense.com.br\/lianasabo\/wp-content\/uploads\/sites\/25\/2023\/09\/WhatsApp-Image-2023-09-14-at-18.05.39-1.jpeg 768w, https:\/\/blogs.correiobraziliense.com.br\/lianasabo\/wp-content\/uploads\/sites\/25\/2023\/09\/WhatsApp-Image-2023-09-14-at-18.05.39-1-800x1067.jpeg 800w, https:\/\/blogs.correiobraziliense.com.br\/lianasabo\/wp-content\/uploads\/sites\/25\/2023\/09\/WhatsApp-Image-2023-09-14-at-18.05.39-1-550x733.jpeg 550w, https:\/\/blogs.correiobraziliense.com.br\/lianasabo\/wp-content\/uploads\/sites\/25\/2023\/09\/WhatsApp-Image-2023-09-14-at-18.05.39-1-230x307.jpeg 230w\" sizes=\"auto, (max-width: 225px) 100vw, 225px\" \/><\/a><figcaption id=\"caption-attachment-7506\" class=\"wp-caption-text\">Fl\u00e1vio e M\u00e1rcia Pimentel. Cr\u00e9dito: Liana Sabo\/CB\/D.A Press<\/figcaption><\/figure>\n<p>Debru\u00e7ado sobre o lago com vista privilegiada das \u00e1guas tranquilas do Parano\u00e1, o Clube do Ex\u00e9rcito oferece aos domingos saborosa op\u00e7\u00e3o de almo\u00e7o capitaneado pela grife M\u00e1rcia Pimentel Buffet, que assumiu no fim de julho e est\u00e1 a frente de todos os servi\u00e7os de catering sob a dire\u00e7\u00e3o do chef Flavio Pimentel. Aberto para o p\u00fablico o almo\u00e7o \u00e9 servido de 12h \u00e0s 15h em diversas ilhas espalhadas no sal\u00e3o com capacidade para 500 pessoas.<\/p>\n<p>Mais de 20 variedades comp\u00f5em o buf\u00ea de saladas, enquanto as prepara\u00e7\u00f5es quentes re\u00fanem arrozes, legumes, massas, crepes e prote\u00ednas animais tendo a churrasqueira mais de 15 cortes de assados. Destaque para o Denver Steak, o Ancho e o baby beef. Sai por R$ 79,90, o quilo.<\/p>\n","protected":false},"excerpt":{"rendered":"<p>A dupla est\u00e1 \u00e0 frente do almo\u00e7o que est\u00e1 aberto ao p\u00fablico das 12h \u00e0s 15h aos domingos<\/p>\n","protected":false},"author":54,"featured_media":7510,"comment_status":"open","ping_status":"open","sticky":false,"template":"","format":"standard","meta":{"footnotes":""},"categories":[230],"tags":[875,876],"class_list":["post-7505","post","type-post","status-publish","format-standard","has-post-thumbnail","hentry","category-bufes","tag-clube-do-exercito","tag-marcia-pimentel-buffett"],"_links":{"self":[{"href":"https:\/\/blogs.correiobraziliense.com.br\/lianasabo\/wp-json\/wp\/v2\/posts\/7505","targetHints":{"allow":["GET"]}}],"collection":[{"href":"https:\/\/blogs.correiobraziliense.com.br\/lianasabo\/wp-json\/wp\/v2\/posts"}],"about":[{"href":"https:\/\/blogs.correiobraziliense.com.br\/lianasabo\/wp-json\/wp\/v2\/types\/post"}],"author":[{"embeddable":true,"href":"https:\/\/blogs.correiobraziliense.com.br\/lianasabo\/wp-json\/wp\/v2\/users\/54"}],"replies":[{"embeddable":true,"href":"https:\/\/blogs.correiobraziliense.com.br\/lianasabo\/wp-json\/wp\/v2\/comments?post=7505"}],"version-history":[{"count":3,"href":"https:\/\/blogs.correiobraziliense.com.br\/lianasabo\/wp-json\/wp\/v2\/posts\/7505\/revisions"}],"predecessor-version":[{"id":7519,"href":"https:\/\/blogs.correiobraziliense.com.br\/lianasabo\/wp-json\/wp\/v2\/posts\/7505\/revisions\/7519"}],"wp:featuredmedia":[{"embeddable":true,"href":"https:\/\/blogs.correiobraziliense.com.br\/lianasabo\/wp-json\/wp\/v2\/media\/7510"}],"wp:attachment":[{"href":"https:\/\/blogs.correiobraziliense.com.br\/lianasabo\/wp-json\/wp\/v2\/media?parent=7505"}],"wp:term":[{"taxonomy":"category","embeddable":true,"href":"https:\/\/blogs.correiobraziliense.com.br\/lianasabo\/wp-json\/wp\/v2\/categories?post=7505"},{"taxonomy":"post_tag","embeddable":true,"href":"https:\/\/blogs.correiobraziliense.com.br\/lianasabo\/wp-json\/wp\/v2\/tags?post=7505"}],"curies":[{"name":"wp","href":"https:\/\/api.w.org\/{rel}","templated":true}]}}