{"id":7468,"date":"2023-09-08T06:48:05","date_gmt":"2023-09-08T09:48:05","guid":{"rendered":"https:\/\/blogs.correiobraziliense.com.br\/lianasabo\/?p=7468"},"modified":"2023-09-06T18:37:40","modified_gmt":"2023-09-06T21:37:40","slug":"to-go-congelados-chega-a-asa-sul-com-opcao-de-refeicao-rapida","status":"publish","type":"post","link":"https:\/\/blogs.correiobraziliense.com.br\/lianasabo\/to-go-congelados-chega-a-asa-sul-com-opcao-de-refeicao-rapida\/","title":{"rendered":"To Go Congelados chega \u00e0 Asa Sul com op\u00e7\u00e3o de refei\u00e7\u00e3o r\u00e1pida"},"content":{"rendered":"<p><em>Essa \u00e9 a terceira franquia da grife que aposta em congelados com quase nenhum conservante, al\u00e9m de zero a\u00e7\u00facar e zero lactose<\/em><\/p>\n<figure id=\"attachment_7477\" aria-describedby=\"caption-attachment-7477\" style=\"width: 225px\" class=\"wp-caption alignleft\"><a href=\"https:\/\/blogs.correiobraziliense.com.br\/lianasabo\/wp-content\/uploads\/sites\/25\/2023\/09\/To-Go-Congelados-Asa-Sul-3_Foto-Divulga\u00e7\u00e3o-1.jpeg\"><img loading=\"lazy\" decoding=\"async\" class=\"size-medium wp-image-7477\" src=\"https:\/\/blogs.correiobraziliense.com.br\/lianasabo\/wp-content\/uploads\/sites\/25\/2023\/09\/To-Go-Congelados-Asa-Sul-3_Foto-Divulga\u00e7\u00e3o-1-225x300.jpeg\" alt=\"\" width=\"225\" height=\"300\" srcset=\"https:\/\/blogs.correiobraziliense.com.br\/lianasabo\/wp-content\/uploads\/sites\/25\/2023\/09\/To-Go-Congelados-Asa-Sul-3_Foto-Divulga\u00e7\u00e3o-1-225x300.jpeg 225w, https:\/\/blogs.correiobraziliense.com.br\/lianasabo\/wp-content\/uploads\/sites\/25\/2023\/09\/To-Go-Congelados-Asa-Sul-3_Foto-Divulga\u00e7\u00e3o-1-768x1024.jpeg 768w, https:\/\/blogs.correiobraziliense.com.br\/lianasabo\/wp-content\/uploads\/sites\/25\/2023\/09\/To-Go-Congelados-Asa-Sul-3_Foto-Divulga\u00e7\u00e3o-1.jpeg 800w, https:\/\/blogs.correiobraziliense.com.br\/lianasabo\/wp-content\/uploads\/sites\/25\/2023\/09\/To-Go-Congelados-Asa-Sul-3_Foto-Divulga\u00e7\u00e3o-1-550x734.jpeg 550w, https:\/\/blogs.correiobraziliense.com.br\/lianasabo\/wp-content\/uploads\/sites\/25\/2023\/09\/To-Go-Congelados-Asa-Sul-3_Foto-Divulga\u00e7\u00e3o-1-230x307.jpeg 230w\" sizes=\"auto, (max-width: 225px) 100vw, 225px\" \/><\/a><figcaption id=\"caption-attachment-7477\" class=\"wp-caption-text\">Cr\u00e9dito: To Go Congelados\/Divulga\u00e7\u00e3o<\/figcaption><\/figure>\n<p>Depois de atuar por mais de 20 anos na \u00e1rea gastron\u00f4mica, a jornalista brasiliense Naiobe Quelem decidiu apostar no empreendedorismo optando pelo ramo que conhece bem, o da alimenta\u00e7\u00e3o fora do lar e de f\u00e1cil condu\u00e7\u00e3o: congelados com quase nenhum conservante, zero a\u00e7\u00facar e zero lactose vendidos a pre\u00e7o de f\u00e1brica. Trata-se da To Go Congelados, que chega agora \u00e0 Asa Sul (705\/905 Bloco A, em frente \u00e0 igreja de St.Edwirges), com a terceira opera\u00e7\u00e3o da grife ap\u00f3s inaugurar em \u00c1guas Claras e Sudoeste.<\/p>\n<p>Naiobe, que se encantou com a proposta de oferecer refei\u00e7\u00f5es r\u00e1pidas e saborosas com qualidade nutricional, ressalta a variedade de produtos com valores entre R$ 1,50 (picol\u00e9 de frutas) e R$ 49,90 (salm\u00e3o ao molho de laranja, legumes na mantiga e arroz), e a capacidade de lan\u00e7amentos sazonais e linhas comemorativas. Funciona de segunda a sexta, das 9h \u00e0s 20h. S\u00e1bados, das 9h \u00e0s 17h. Telefone: 99339-0909 (whatsapp).<\/p>\n","protected":false},"excerpt":{"rendered":"<p>Essa \u00e9 a terceira franquia da grife que aposta em congelados com quase nenhum conservante, al\u00e9m de zero a\u00e7\u00facar e zero lactose Depois de atuar por mais de 20 anos na \u00e1rea gastron\u00f4mica, a jornalista brasiliense Naiobe Quelem decidiu apostar no empreendedorismo optando pelo ramo que conhece bem, o da alimenta\u00e7\u00e3o fora do lar e de f\u00e1cil condu\u00e7\u00e3o: congelados com [&hellip;]<\/p>\n","protected":false},"author":54,"featured_media":7475,"comment_status":"open","ping_status":"open","sticky":false,"template":"","format":"standard","meta":{"footnotes":""},"categories":[326],"tags":[868],"class_list":["post-7468","post","type-post","status-publish","format-standard","has-post-thumbnail","hentry","category-restaurantes","tag-to-go-congelados"],"_links":{"self":[{"href":"https:\/\/blogs.correiobraziliense.com.br\/lianasabo\/wp-json\/wp\/v2\/posts\/7468","targetHints":{"allow":["GET"]}}],"collection":[{"href":"https:\/\/blogs.correiobraziliense.com.br\/lianasabo\/wp-json\/wp\/v2\/posts"}],"about":[{"href":"https:\/\/blogs.correiobraziliense.com.br\/lianasabo\/wp-json\/wp\/v2\/types\/post"}],"author":[{"embeddable":true,"href":"https:\/\/blogs.correiobraziliense.com.br\/lianasabo\/wp-json\/wp\/v2\/users\/54"}],"replies":[{"embeddable":true,"href":"https:\/\/blogs.correiobraziliense.com.br\/lianasabo\/wp-json\/wp\/v2\/comments?post=7468"}],"version-history":[{"count":3,"href":"https:\/\/blogs.correiobraziliense.com.br\/lianasabo\/wp-json\/wp\/v2\/posts\/7468\/revisions"}],"predecessor-version":[{"id":7478,"href":"https:\/\/blogs.correiobraziliense.com.br\/lianasabo\/wp-json\/wp\/v2\/posts\/7468\/revisions\/7478"}],"wp:featuredmedia":[{"embeddable":true,"href":"https:\/\/blogs.correiobraziliense.com.br\/lianasabo\/wp-json\/wp\/v2\/media\/7475"}],"wp:attachment":[{"href":"https:\/\/blogs.correiobraziliense.com.br\/lianasabo\/wp-json\/wp\/v2\/media?parent=7468"}],"wp:term":[{"taxonomy":"category","embeddable":true,"href":"https:\/\/blogs.correiobraziliense.com.br\/lianasabo\/wp-json\/wp\/v2\/categories?post=7468"},{"taxonomy":"post_tag","embeddable":true,"href":"https:\/\/blogs.correiobraziliense.com.br\/lianasabo\/wp-json\/wp\/v2\/tags?post=7468"}],"curies":[{"name":"wp","href":"https:\/\/api.w.org\/{rel}","templated":true}]}}