{"id":7461,"date":"2023-09-06T06:08:42","date_gmt":"2023-09-06T09:08:42","guid":{"rendered":"https:\/\/blogs.correiobraziliense.com.br\/lianasabo\/?p=7461"},"modified":"2023-09-06T00:27:34","modified_gmt":"2023-09-06T03:27:34","slug":"feriado-de-7-de-setembro-reserva-um-dia-gastronomico-no-centro-de-brasilia","status":"publish","type":"post","link":"https:\/\/blogs.correiobraziliense.com.br\/lianasabo\/feriado-de-7-de-setembro-reserva-um-dia-gastronomico-no-centro-de-brasilia\/","title":{"rendered":"Feriado de 7 de Setembro reserva um dia gastron\u00f4mico no centro de Bras\u00edlia"},"content":{"rendered":"<p><em>O Bras\u00edlia Monumental reunir\u00e1 os melhores chefs e restaurantes brasilienses com pratos exclusivos. O evento ser\u00e1 das 11h \u00e0s 20h, com entrada gratuita<\/em><\/p>\n<p>A gastronomia candanga ser\u00e1 celebrada no feriado da Independ\u00eancia do Brasil com a realiza\u00e7\u00e3o do Bras\u00edlia Monumental. O festival culin\u00e1rio ser\u00e1 na quinta-feira (7\/9), das 11h \u00e0s 19h30, em espa\u00e7o coberto do Eixo Cultural Ibero-Americano (antiga Funarte), no Eixo Monumental. A entrada \u00e9 franca e livre para todos os p\u00fablicos.<\/p>\n<p>O evento reunir\u00e1 mais de 20 estabelecimentos gastron\u00f4micos brasilienses que apresentar\u00e3o pratos exclusivos a pre\u00e7os acess\u00edveis a partir de R$ 30. Entre os confirmados est\u00e3o Calaf, Miau que Mia, Dom Romano, Geleia Burguer e Notte D\u2019Incanto Pizzaria.<\/p>\n<p>Al\u00e9m da gastronomia, o festival conta ainda com \u00e1rea gamer, parque de brinquedos infl\u00e1veis, teatro infantil, shows musicais e queima de fogos. O objetivo \u00e9 contemplar toda a fam\u00edlia na programa\u00e7\u00e3o.<\/p>\n<p>O Bras\u00edlia Monumental \u00e9 uma realiza\u00e7\u00e3o da Associa\u00e7\u00e3o Amigos do Futuro em parceria com a Secretaria de Turismo do Distrito Federal, com apoio da Abrasel-DF e do Sindhobar.<\/p>\n<p><strong>Estabelecimentos participantes<\/strong><\/p>\n<p>Club Brasil Caf\u00e9<br \/>\nLeo Hamu<br \/>\nCalaf<br \/>\nFlat Iron<br \/>\nGrande Muralha<br \/>\nAssados do Fred<br \/>\nRei do Tacho<br \/>\nMiau que Mia<br \/>\nTapioca Nordestina<br \/>\nViva Sorvete<br \/>\nDi Pastello<br \/>\nBem Dita Torta<br \/>\nAloha<br \/>\nDom Romano<br \/>\nPetisco<br \/>\nDel Maipo<br \/>\nBar Sucopira<br \/>\nCasa de Mainha<br \/>\nGeleia Burguer<br \/>\nNotte D\u2019Incanto Pizzaria<br \/>\nPudim dos Anjos<br \/>\nXamam<\/p>\n<p><strong>Programa\u00e7\u00e3o completa<\/strong><\/p>\n<p>11h \u00e0s 20h &#8211; Feira gastron\u00f4mica<br \/>\n13h &#8211; Conta\u00e7\u00e3o de hist\u00f3rias com Nyedja Gennari<br \/>\n14h &#8211; Teatro infantil com a Cia Neia e Nando<br \/>\n15h &#8211; Espet\u00e1culo Pirilampear&#8230; hist\u00f3rias para iluminar! (CIA UniDuniT\u00ea)<br \/>\n16h &#8211; Show com Dhi Ribeiro<br \/>\n18h &#8211; Orquestra Filarm\u00f4nica de Bras\u00edlia interpretando cl\u00e1ssicos do rock<br \/>\n19h30 &#8211; Encerramento com queima de fogos<\/p>\n<p><strong>Bras\u00edlia Monumental<\/strong><br \/>\nEm 7 de setembro (quinta-feira), das 11h \u00e0s 19h30. No Eixo Cultural Ibero-Americano ao lado da Torre de TV. Entrada franca, mediante retirada de ingresso no <a href=\"https:\/\/www.sympla.com.br\/evento\/brasilia-monumental\/2145802\">Sympla<\/a>. Livre para todos os p\u00fablicos. Os tr\u00eas mil primeiros visitantes receber\u00e3o um copo exclusivo do evento.<\/p>\n","protected":false},"excerpt":{"rendered":"<p>O Bras\u00edlia Monumental reunir\u00e1 os melhores chefs e restaurantes brasilienses com pratos exclusivos. O evento ser\u00e1 das 11h \u00e0s 20h, com entrada gratuita A gastronomia candanga ser\u00e1 celebrada no feriado da Independ\u00eancia do Brasil com a realiza\u00e7\u00e3o do Bras\u00edlia Monumental. O festival culin\u00e1rio ser\u00e1 na quinta-feira (7\/9), das 11h \u00e0s 19h30, em espa\u00e7o coberto do Eixo Cultural Ibero-Americano (antiga Funarte), [&hellip;]<\/p>\n","protected":false},"author":54,"featured_media":7462,"comment_status":"open","ping_status":"open","sticky":false,"template":"","format":"standard","meta":{"footnotes":""},"categories":[201],"tags":[862,363,448,37],"class_list":["post-7461","post","type-post","status-publish","format-standard","has-post-thumbnail","hentry","category-festival","tag-brasilia-monumental","tag-evento","tag-feira","tag-gastronomia"],"_links":{"self":[{"href":"https:\/\/blogs.correiobraziliense.com.br\/lianasabo\/wp-json\/wp\/v2\/posts\/7461","targetHints":{"allow":["GET"]}}],"collection":[{"href":"https:\/\/blogs.correiobraziliense.com.br\/lianasabo\/wp-json\/wp\/v2\/posts"}],"about":[{"href":"https:\/\/blogs.correiobraziliense.com.br\/lianasabo\/wp-json\/wp\/v2\/types\/post"}],"author":[{"embeddable":true,"href":"https:\/\/blogs.correiobraziliense.com.br\/lianasabo\/wp-json\/wp\/v2\/users\/54"}],"replies":[{"embeddable":true,"href":"https:\/\/blogs.correiobraziliense.com.br\/lianasabo\/wp-json\/wp\/v2\/comments?post=7461"}],"version-history":[{"count":1,"href":"https:\/\/blogs.correiobraziliense.com.br\/lianasabo\/wp-json\/wp\/v2\/posts\/7461\/revisions"}],"predecessor-version":[{"id":7463,"href":"https:\/\/blogs.correiobraziliense.com.br\/lianasabo\/wp-json\/wp\/v2\/posts\/7461\/revisions\/7463"}],"wp:featuredmedia":[{"embeddable":true,"href":"https:\/\/blogs.correiobraziliense.com.br\/lianasabo\/wp-json\/wp\/v2\/media\/7462"}],"wp:attachment":[{"href":"https:\/\/blogs.correiobraziliense.com.br\/lianasabo\/wp-json\/wp\/v2\/media?parent=7461"}],"wp:term":[{"taxonomy":"category","embeddable":true,"href":"https:\/\/blogs.correiobraziliense.com.br\/lianasabo\/wp-json\/wp\/v2\/categories?post=7461"},{"taxonomy":"post_tag","embeddable":true,"href":"https:\/\/blogs.correiobraziliense.com.br\/lianasabo\/wp-json\/wp\/v2\/tags?post=7461"}],"curies":[{"name":"wp","href":"https:\/\/api.w.org\/{rel}","templated":true}]}}