{"id":7456,"date":"2023-09-01T06:40:15","date_gmt":"2023-09-01T09:40:15","guid":{"rendered":"https:\/\/blogs.correiobraziliense.com.br\/lianasabo\/?p=7456"},"modified":"2023-08-31T21:43:01","modified_gmt":"2023-09-01T00:43:01","slug":"sueli-maestri-entra-para-a-confraria-de-vinhos-de-guarda","status":"publish","type":"post","link":"https:\/\/blogs.correiobraziliense.com.br\/lianasabo\/sueli-maestri-entra-para-a-confraria-de-vinhos-de-guarda\/","title":{"rendered":"Sueli Maestri entra para a Confraria de Vinhos de Guarda"},"content":{"rendered":"<p>Primeira mulher a ocupar uma cadeira na Confraria de Vinhos de Guarda, a especialista em vinhos e editora do portal Vinho Capital, Sueli Maestri, recebeu a honraria no \u00faltimo s\u00e1bado das m\u00e3os do franc\u00eas Jean Claude Cara, Grand Ma\u00eetre da Confraria, que veio da Borgonha especialmente para presidir a solenidade de entroniza\u00e7\u00e3o de nove confrades (oito homens), agora comprometidos a propagar, valorizar e apreciar o vinho de guarda para as pr\u00f3ximas gera\u00e7\u00f5es.<\/p>\n","protected":false},"excerpt":{"rendered":"<p>Primeira mulher a ocupar uma cadeira na Confraria de Vinhos de Guarda, a especialista em vinhos e editora do portal Vinho Capital, Sueli Maestri, recebeu a honraria no \u00faltimo s\u00e1bado das m\u00e3os do franc\u00eas Jean Claude Cara, Grand Ma\u00eetre da Confraria, que veio da Borgonha especialmente para presidir a solenidade de entroniza\u00e7\u00e3o de nove confrades (oito homens), agora comprometidos a [&hellip;]<\/p>\n","protected":false},"author":54,"featured_media":7457,"comment_status":"open","ping_status":"open","sticky":false,"template":"","format":"standard","meta":{"footnotes":""},"categories":[222],"tags":[861],"class_list":["post-7456","post","type-post","status-publish","format-standard","has-post-thumbnail","hentry","category-vinhos","tag-confraria-de-vinhos-de-guarda"],"_links":{"self":[{"href":"https:\/\/blogs.correiobraziliense.com.br\/lianasabo\/wp-json\/wp\/v2\/posts\/7456","targetHints":{"allow":["GET"]}}],"collection":[{"href":"https:\/\/blogs.correiobraziliense.com.br\/lianasabo\/wp-json\/wp\/v2\/posts"}],"about":[{"href":"https:\/\/blogs.correiobraziliense.com.br\/lianasabo\/wp-json\/wp\/v2\/types\/post"}],"author":[{"embeddable":true,"href":"https:\/\/blogs.correiobraziliense.com.br\/lianasabo\/wp-json\/wp\/v2\/users\/54"}],"replies":[{"embeddable":true,"href":"https:\/\/blogs.correiobraziliense.com.br\/lianasabo\/wp-json\/wp\/v2\/comments?post=7456"}],"version-history":[{"count":1,"href":"https:\/\/blogs.correiobraziliense.com.br\/lianasabo\/wp-json\/wp\/v2\/posts\/7456\/revisions"}],"predecessor-version":[{"id":7458,"href":"https:\/\/blogs.correiobraziliense.com.br\/lianasabo\/wp-json\/wp\/v2\/posts\/7456\/revisions\/7458"}],"wp:featuredmedia":[{"embeddable":true,"href":"https:\/\/blogs.correiobraziliense.com.br\/lianasabo\/wp-json\/wp\/v2\/media\/7457"}],"wp:attachment":[{"href":"https:\/\/blogs.correiobraziliense.com.br\/lianasabo\/wp-json\/wp\/v2\/media?parent=7456"}],"wp:term":[{"taxonomy":"category","embeddable":true,"href":"https:\/\/blogs.correiobraziliense.com.br\/lianasabo\/wp-json\/wp\/v2\/categories?post=7456"},{"taxonomy":"post_tag","embeddable":true,"href":"https:\/\/blogs.correiobraziliense.com.br\/lianasabo\/wp-json\/wp\/v2\/tags?post=7456"}],"curies":[{"name":"wp","href":"https:\/\/api.w.org\/{rel}","templated":true}]}}