{"id":7453,"date":"2023-09-01T06:33:48","date_gmt":"2023-09-01T09:33:48","guid":{"rendered":"https:\/\/blogs.correiobraziliense.com.br\/lianasabo\/?p=7453"},"modified":"2023-08-31T21:39:43","modified_gmt":"2023-09-01T00:39:43","slug":"em-setembro-ocorre-a-11a-edicao-da-negroni-week-2023","status":"publish","type":"post","link":"https:\/\/blogs.correiobraziliense.com.br\/lianasabo\/em-setembro-ocorre-a-11a-edicao-da-negroni-week-2023\/","title":{"rendered":"Em setembro ocorre a 11\u00aa edi\u00e7\u00e3o da Negroni Week 2023"},"content":{"rendered":"<p><em>O evento em celebra\u00e7\u00e3o ao drinque \u00e9 promovido pelo Grupo Campari de entre os dias 18 e 24<\/em><\/p>\n<p>Frequentador ass\u00edduo de um caf\u00e9 em Floren\u00e7a o conde Camilo Negroni um dia desafiou o bartender a criar um drinque diferente do que lhe servia sempre. Consta que o profissional apenas adicionou gim \u00e0 bebida costumeira que agradou o conde. Surgia assim com o nome do cliente o drinque mais consumido do mundo, que j\u00e1 completou cem anos.<\/p>\n<p>Prova dessa popularidade \u00e9 a realiza\u00e7\u00e3o este m\u00eas de mais uma semana do drinque, que se realiza em mais de 190 pa\u00edses. Entre os dias 18 e 24 o Grupo Campari promove a 11\u00aa edi\u00e7\u00e3o da Negroni Week 2023 entre os estabelecimentos interessados que poder\u00e3o se inscrever at\u00e9 o dia 17, afinal preconiza a marca \u201cNegroni n\u00e3o existe sem Campari\u201d.<\/p>\n","protected":false},"excerpt":{"rendered":"<p>O evento em celebra\u00e7\u00e3o ao drinque \u00e9 promovido pelo Grupo Campari de entre os dias 18 e 24 Frequentador ass\u00edduo de um caf\u00e9 em Floren\u00e7a o conde Camilo Negroni um dia desafiou o bartender a criar um drinque diferente do que lhe servia sempre. Consta que o profissional apenas adicionou gim \u00e0 bebida costumeira que agradou o conde. Surgia assim [&hellip;]<\/p>\n","protected":false},"author":54,"featured_media":7454,"comment_status":"open","ping_status":"open","sticky":false,"template":"","format":"standard","meta":{"footnotes":""},"categories":[475],"tags":[859,860,858],"class_list":["post-7453","post","type-post","status-publish","format-standard","has-post-thumbnail","hentry","category-bebida","tag-11a-edicao-da-negroni-week-2023","tag-grupo-campari","tag-negroni"],"_links":{"self":[{"href":"https:\/\/blogs.correiobraziliense.com.br\/lianasabo\/wp-json\/wp\/v2\/posts\/7453","targetHints":{"allow":["GET"]}}],"collection":[{"href":"https:\/\/blogs.correiobraziliense.com.br\/lianasabo\/wp-json\/wp\/v2\/posts"}],"about":[{"href":"https:\/\/blogs.correiobraziliense.com.br\/lianasabo\/wp-json\/wp\/v2\/types\/post"}],"author":[{"embeddable":true,"href":"https:\/\/blogs.correiobraziliense.com.br\/lianasabo\/wp-json\/wp\/v2\/users\/54"}],"replies":[{"embeddable":true,"href":"https:\/\/blogs.correiobraziliense.com.br\/lianasabo\/wp-json\/wp\/v2\/comments?post=7453"}],"version-history":[{"count":1,"href":"https:\/\/blogs.correiobraziliense.com.br\/lianasabo\/wp-json\/wp\/v2\/posts\/7453\/revisions"}],"predecessor-version":[{"id":7455,"href":"https:\/\/blogs.correiobraziliense.com.br\/lianasabo\/wp-json\/wp\/v2\/posts\/7453\/revisions\/7455"}],"wp:featuredmedia":[{"embeddable":true,"href":"https:\/\/blogs.correiobraziliense.com.br\/lianasabo\/wp-json\/wp\/v2\/media\/7454"}],"wp:attachment":[{"href":"https:\/\/blogs.correiobraziliense.com.br\/lianasabo\/wp-json\/wp\/v2\/media?parent=7453"}],"wp:term":[{"taxonomy":"category","embeddable":true,"href":"https:\/\/blogs.correiobraziliense.com.br\/lianasabo\/wp-json\/wp\/v2\/categories?post=7453"},{"taxonomy":"post_tag","embeddable":true,"href":"https:\/\/blogs.correiobraziliense.com.br\/lianasabo\/wp-json\/wp\/v2\/tags?post=7453"}],"curies":[{"name":"wp","href":"https:\/\/api.w.org\/{rel}","templated":true}]}}