{"id":7450,"date":"2023-09-01T06:25:43","date_gmt":"2023-09-01T09:25:43","guid":{"rendered":"https:\/\/blogs.correiobraziliense.com.br\/lianasabo\/?p=7450"},"modified":"2023-08-31T21:31:23","modified_gmt":"2023-09-01T00:31:23","slug":"salao-aberto-na-villa-boechat-podera-ser-usado-em-eventos","status":"publish","type":"post","link":"https:\/\/blogs.correiobraziliense.com.br\/lianasabo\/salao-aberto-na-villa-boechat-podera-ser-usado-em-eventos\/","title":{"rendered":"Sal\u00e3o aberto na Villa Boechat poder\u00e1 ser usado em eventos"},"content":{"rendered":"<p><em>O espa\u00e7o na casa localizada no Parque Granja do Torto comporta festas de casamento e anivers\u00e1rios<\/em><\/p>\n<p>Marcos Boechat e Eliane Cardoso lan\u00e7aram ter\u00e7a-feira, 29, em grande estilo a Villa Boechat, inaugurada h\u00e1 quase um ano no Parque Granja do Torto, que se credencia a receber at\u00e9 500 pessoas em seu sal\u00e3o aberto para festas de casamentos, anivers\u00e1rios e eventos personalizados. A parte externa comporta mais 150 pessoas. \u00c9 l\u00e1 que s\u00e3o assados aos domingos costel\u00e3o no fogo de ch\u00e3o (R$ 169 para tr\u00eas pessoas), leit\u00e3o inteiro (R$ 690) feito por encomenda, al\u00e9m de v\u00e1rios cortes bovinos e su\u00ednos. S\u00e1bado tem feijoada por R$ 49,90.<\/p>\n<p>Outra atra\u00e7\u00e3o da casa, que se insere no conceito Farm do table, da fazenda para a mesa, quando grande parte da mat\u00e9ria prima tem produ\u00e7\u00e3o pr\u00f3pria, s\u00e3o os drinques autorais. At\u00e9 a cacha\u00e7a \u00e9 feita na casa e usada no coquetel Boechat (R$ 33) com abacaxi defumado, u\u00edsque, vermute, suco de lim\u00e3o taiti, xarope de a\u00e7\u00facar e bitter de cacau.<\/p>\n<p>Moqueado, outro drinque (R$ 27) tamb\u00e9m leva a cacha\u00e7a envelhecida da casa, xarope, bitter arom\u00e1tico, bitter de laranja e defuma\u00e7\u00e3o com madeira. Villa Boechat funciona de quarta a domingo, de 11h \u00e0s 17h. Reservas: 99959-9797.<\/p>\n","protected":false},"excerpt":{"rendered":"<p>O espa\u00e7o na casa localizada no Parque Granja do Torto comporta festas de casamento e anivers\u00e1rios Marcos Boechat e Eliane Cardoso lan\u00e7aram ter\u00e7a-feira, 29, em grande estilo a Villa Boechat, inaugurada h\u00e1 quase um ano no Parque Granja do Torto, que se credencia a receber at\u00e9 500 pessoas em seu sal\u00e3o aberto para festas de casamentos, anivers\u00e1rios e eventos personalizados. [&hellip;]<\/p>\n","protected":false},"author":54,"featured_media":7451,"comment_status":"open","ping_status":"open","sticky":false,"template":"","format":"standard","meta":{"footnotes":""},"categories":[486],"tags":[856,857,855],"class_list":["post-7450","post","type-post","status-publish","format-standard","has-post-thumbnail","hentry","category-evento","tag-casa","tag-granja-do-torto","tag-villa-boechat"],"_links":{"self":[{"href":"https:\/\/blogs.correiobraziliense.com.br\/lianasabo\/wp-json\/wp\/v2\/posts\/7450","targetHints":{"allow":["GET"]}}],"collection":[{"href":"https:\/\/blogs.correiobraziliense.com.br\/lianasabo\/wp-json\/wp\/v2\/posts"}],"about":[{"href":"https:\/\/blogs.correiobraziliense.com.br\/lianasabo\/wp-json\/wp\/v2\/types\/post"}],"author":[{"embeddable":true,"href":"https:\/\/blogs.correiobraziliense.com.br\/lianasabo\/wp-json\/wp\/v2\/users\/54"}],"replies":[{"embeddable":true,"href":"https:\/\/blogs.correiobraziliense.com.br\/lianasabo\/wp-json\/wp\/v2\/comments?post=7450"}],"version-history":[{"count":1,"href":"https:\/\/blogs.correiobraziliense.com.br\/lianasabo\/wp-json\/wp\/v2\/posts\/7450\/revisions"}],"predecessor-version":[{"id":7452,"href":"https:\/\/blogs.correiobraziliense.com.br\/lianasabo\/wp-json\/wp\/v2\/posts\/7450\/revisions\/7452"}],"wp:featuredmedia":[{"embeddable":true,"href":"https:\/\/blogs.correiobraziliense.com.br\/lianasabo\/wp-json\/wp\/v2\/media\/7451"}],"wp:attachment":[{"href":"https:\/\/blogs.correiobraziliense.com.br\/lianasabo\/wp-json\/wp\/v2\/media?parent=7450"}],"wp:term":[{"taxonomy":"category","embeddable":true,"href":"https:\/\/blogs.correiobraziliense.com.br\/lianasabo\/wp-json\/wp\/v2\/categories?post=7450"},{"taxonomy":"post_tag","embeddable":true,"href":"https:\/\/blogs.correiobraziliense.com.br\/lianasabo\/wp-json\/wp\/v2\/tags?post=7450"}],"curies":[{"name":"wp","href":"https:\/\/api.w.org\/{rel}","templated":true}]}}