{"id":7446,"date":"2023-09-01T06:19:05","date_gmt":"2023-09-01T09:19:05","guid":{"rendered":"https:\/\/blogs.correiobraziliense.com.br\/lianasabo\/?p=7446"},"modified":"2023-08-31T21:25:22","modified_gmt":"2023-09-01T00:25:22","slug":"chef-gabriel-blas-lanca-harmburgueria-na-asa-norte","status":"publish","type":"post","link":"https:\/\/blogs.correiobraziliense.com.br\/lianasabo\/chef-gabriel-blas-lanca-harmburgueria-na-asa-norte\/","title":{"rendered":"Chef Gabriel Bla\u00b4s lan\u00e7a harmburgueria na Asa Norte"},"content":{"rendered":"<p>Um ano depois de internacionalizar o menu de sua Cozinha Criativa batizando-a de Cozinha de Culturas, o inventivo chef Gabriel Bla\u00b4s lan\u00e7a nova proposta alimentar \u00e0 base de hamb\u00farguer. Nascido Gabriel Braga Lima Albano, o chef brasiliense de 35 anos optou chamar Albano\u00b4s Burguer a hamburgueria instalada no subsolo do mesmo Bloco D, 406 Norte, onde voc\u00ea poder\u00e1 degustar \u201cdiferentes texturas e sabores em uma experi\u00eancia sensorial \u00fanica\u201d, promete o autor.<\/p>\n<p>No card\u00e1pio variado destacam-se o Cheese Burger (R$ 19,90) feito em um smash burger de 90g com cheddar, picles e molho da casa; Chimi Burger (R$ 29,90) com 180g de carne, queijo derretido, bacon crocante, salada fresca e o toque de chimichurri no p\u00e3o brioche.<\/p>\n<figure id=\"attachment_7448\" aria-describedby=\"caption-attachment-7448\" style=\"width: 800px\" class=\"wp-caption aligncenter\"><a href=\"https:\/\/blogs.correiobraziliense.com.br\/lianasabo\/wp-content\/uploads\/sites\/25\/2023\/08\/Burguer-Albanos-Divulga\u00e7\u00e3o-10.jpg\"><img loading=\"lazy\" decoding=\"async\" class=\"size-full wp-image-7448\" src=\"https:\/\/blogs.correiobraziliense.com.br\/lianasabo\/wp-content\/uploads\/sites\/25\/2023\/08\/Burguer-Albanos-Divulga\u00e7\u00e3o-10.jpg\" alt=\"\" width=\"800\" height=\"645\" srcset=\"https:\/\/blogs.correiobraziliense.com.br\/lianasabo\/wp-content\/uploads\/sites\/25\/2023\/08\/Burguer-Albanos-Divulga\u00e7\u00e3o-10.jpg 800w, https:\/\/blogs.correiobraziliense.com.br\/lianasabo\/wp-content\/uploads\/sites\/25\/2023\/08\/Burguer-Albanos-Divulga\u00e7\u00e3o-10-300x242.jpg 300w, https:\/\/blogs.correiobraziliense.com.br\/lianasabo\/wp-content\/uploads\/sites\/25\/2023\/08\/Burguer-Albanos-Divulga\u00e7\u00e3o-10-768x619.jpg 768w, https:\/\/blogs.correiobraziliense.com.br\/lianasabo\/wp-content\/uploads\/sites\/25\/2023\/08\/Burguer-Albanos-Divulga\u00e7\u00e3o-10-550x443.jpg 550w, https:\/\/blogs.correiobraziliense.com.br\/lianasabo\/wp-content\/uploads\/sites\/25\/2023\/08\/Burguer-Albanos-Divulga\u00e7\u00e3o-10-230x185.jpg 230w\" sizes=\"auto, (max-width: 800px) 100vw, 800px\" \/><\/a><figcaption id=\"caption-attachment-7448\" class=\"wp-caption-text\">Cr\u00e9dito: Albano\u00b4s Burguer\/Divulga\u00e7\u00e3o<\/figcaption><\/figure>\n<p>Outra op\u00e7\u00e3o traz dois smash burger de 90g cada, queijo, bacon e molho especial dentro do brioche, da\u00ed chamar-se Duplo X-Smash (R$ 28,90) e o \u00edcone da casa Big Blas (R$ 34,90) tamb\u00e9m com dois burger de 90g, cheddar, cebola, picles e alface americana montado em um p\u00e3o com duas alturas com gergelim. Com mais R$ 11,90 voc\u00ea pode adicionar batata frita e refri no pedido.<\/p>\n<p>No almo\u00e7o, a casa serve marmitas confeccionadas em parceria com a marca V\u00f3 Dolores. Entre as op\u00e7\u00f5es, churrasco de carne com lingui\u00e7a (R$ 19,90) e peito de frango grelhado (R$ 18,90). Ambas acompanhadas de arroz branco, feij\u00e3o caseiro, macarr\u00e3o e salada. Para o jantar, a pedida s\u00e3o as jantinhas que cont\u00eam o mesmo card\u00e1pio do almo\u00e7o com pre\u00e7os superiores. O churrasco completo sai por R$ 25,90 e o peito de frango R$ 23,90. Funciona de segunda a s\u00e1bado de 11h30 \u00e0s 15h e de 18h \u00e0s 23h. Telefone: 3879-3430.<\/p>\n","protected":false},"excerpt":{"rendered":"<p>Um ano depois de internacionalizar o menu de sua Cozinha Criativa batizando-a de Cozinha de Culturas, o inventivo chef Gabriel Bla\u00b4s lan\u00e7a nova proposta alimentar \u00e0 base de hamb\u00farguer. Nascido Gabriel Braga Lima Albano, o chef brasiliense de 35 anos optou chamar Albano\u00b4s Burguer a hamburgueria instalada no subsolo do mesmo Bloco D, 406 Norte, onde voc\u00ea poder\u00e1 degustar \u201cdiferentes [&hellip;]<\/p>\n","protected":false},"author":54,"featured_media":7447,"comment_status":"open","ping_status":"open","sticky":false,"template":"","format":"standard","meta":{"footnotes":""},"categories":[311],"tags":[854,210,853],"class_list":["post-7446","post","type-post","status-publish","format-standard","has-post-thumbnail","hentry","category-hamburguer","tag-albanos-burguer","tag-asa-norte","tag-hamburgueria"],"_links":{"self":[{"href":"https:\/\/blogs.correiobraziliense.com.br\/lianasabo\/wp-json\/wp\/v2\/posts\/7446","targetHints":{"allow":["GET"]}}],"collection":[{"href":"https:\/\/blogs.correiobraziliense.com.br\/lianasabo\/wp-json\/wp\/v2\/posts"}],"about":[{"href":"https:\/\/blogs.correiobraziliense.com.br\/lianasabo\/wp-json\/wp\/v2\/types\/post"}],"author":[{"embeddable":true,"href":"https:\/\/blogs.correiobraziliense.com.br\/lianasabo\/wp-json\/wp\/v2\/users\/54"}],"replies":[{"embeddable":true,"href":"https:\/\/blogs.correiobraziliense.com.br\/lianasabo\/wp-json\/wp\/v2\/comments?post=7446"}],"version-history":[{"count":1,"href":"https:\/\/blogs.correiobraziliense.com.br\/lianasabo\/wp-json\/wp\/v2\/posts\/7446\/revisions"}],"predecessor-version":[{"id":7449,"href":"https:\/\/blogs.correiobraziliense.com.br\/lianasabo\/wp-json\/wp\/v2\/posts\/7446\/revisions\/7449"}],"wp:featuredmedia":[{"embeddable":true,"href":"https:\/\/blogs.correiobraziliense.com.br\/lianasabo\/wp-json\/wp\/v2\/media\/7447"}],"wp:attachment":[{"href":"https:\/\/blogs.correiobraziliense.com.br\/lianasabo\/wp-json\/wp\/v2\/media?parent=7446"}],"wp:term":[{"taxonomy":"category","embeddable":true,"href":"https:\/\/blogs.correiobraziliense.com.br\/lianasabo\/wp-json\/wp\/v2\/categories?post=7446"},{"taxonomy":"post_tag","embeddable":true,"href":"https:\/\/blogs.correiobraziliense.com.br\/lianasabo\/wp-json\/wp\/v2\/tags?post=7446"}],"curies":[{"name":"wp","href":"https:\/\/api.w.org\/{rel}","templated":true}]}}