{"id":7432,"date":"2023-08-31T14:34:53","date_gmt":"2023-08-31T17:34:53","guid":{"rendered":"https:\/\/blogs.correiobraziliense.com.br\/lianasabo\/?p=7432"},"modified":"2023-08-31T14:34:53","modified_gmt":"2023-08-31T17:34:53","slug":"domingo-3-tem-costela-no-fogo-de-chao-na-asa-sul","status":"publish","type":"post","link":"https:\/\/blogs.correiobraziliense.com.br\/lianasabo\/domingo-3-tem-costela-no-fogo-de-chao-na-asa-sul\/","title":{"rendered":"Domingo (3) tem costela no fogo de ch\u00e3o na Asa Sul"},"content":{"rendered":"<p><em>Essa ser\u00e1 a 16\u00aa edi\u00e7\u00e3o do Costel\u00e3o Ga\u00facho da Igreja Luterana, na Asa Sul. Os ingressos est\u00e3o \u00e0 venda a partir de R$ 50<\/em><\/p>\n<p>Antes de come\u00e7ar a temporada de chuvas para valer, a comunidade evang\u00e9lica de confiss\u00e3o luterana de Bras\u00edlia realiza domingo, 3 o tradicional Costel\u00e3o Ga\u00facho 2023, que consiste no preparo de costela bovina assada lentamente no fogo de ch\u00e3o, acendido ainda de madrugada. Ser\u00e1 servida com arroz branco, feij\u00e3o tropeiro, mandioca cozida e salada verde, a partir das 12h, no espa\u00e7o ao lado do templo na Entrequadras Sul 405\/406.<\/p>\n<p>Durante o evento haver\u00e1 venda de cucas, sobremesas, bebidas e bazar de variedades. Ainda tem vagas e voc\u00ea poder\u00e1 solicitar o convite ao pre\u00e7o de R$ 50, adultos e R$ 25, crian\u00e7as de 7 a 12 anos, mediante o whatsapp 61-98568-2020.<\/p>\n<p><a href=\"https:\/\/blogs.correiobraziliense.com.br\/lianasabo\/wp-content\/uploads\/sites\/25\/2023\/08\/WhatsApp-Image-2023-08-31-at-11.06.57.jpeg\"><img loading=\"lazy\" decoding=\"async\" class=\"aligncenter wp-image-7433 size-full\" src=\"https:\/\/blogs.correiobraziliense.com.br\/lianasabo\/wp-content\/uploads\/sites\/25\/2023\/08\/WhatsApp-Image-2023-08-31-at-11.06.57.jpeg\" alt=\"\" width=\"1080\" height=\"1080\" srcset=\"https:\/\/blogs.correiobraziliense.com.br\/lianasabo\/wp-content\/uploads\/sites\/25\/2023\/08\/WhatsApp-Image-2023-08-31-at-11.06.57.jpeg 1024w, https:\/\/blogs.correiobraziliense.com.br\/lianasabo\/wp-content\/uploads\/sites\/25\/2023\/08\/WhatsApp-Image-2023-08-31-at-11.06.57-150x150.jpeg 150w, https:\/\/blogs.correiobraziliense.com.br\/lianasabo\/wp-content\/uploads\/sites\/25\/2023\/08\/WhatsApp-Image-2023-08-31-at-11.06.57-300x300.jpeg 300w, https:\/\/blogs.correiobraziliense.com.br\/lianasabo\/wp-content\/uploads\/sites\/25\/2023\/08\/WhatsApp-Image-2023-08-31-at-11.06.57-768x768.jpeg 768w, https:\/\/blogs.correiobraziliense.com.br\/lianasabo\/wp-content\/uploads\/sites\/25\/2023\/08\/WhatsApp-Image-2023-08-31-at-11.06.57-800x800.jpeg 800w, https:\/\/blogs.correiobraziliense.com.br\/lianasabo\/wp-content\/uploads\/sites\/25\/2023\/08\/WhatsApp-Image-2023-08-31-at-11.06.57-550x550.jpeg 550w, https:\/\/blogs.correiobraziliense.com.br\/lianasabo\/wp-content\/uploads\/sites\/25\/2023\/08\/WhatsApp-Image-2023-08-31-at-11.06.57-230x230.jpeg 230w\" sizes=\"auto, (max-width: 1080px) 100vw, 1080px\" \/><\/a><\/p>\n","protected":false},"excerpt":{"rendered":"<p>Essa ser\u00e1 a 16\u00aa edi\u00e7\u00e3o do Costel\u00e3o Ga\u00facho da Igreja Luterana, na Asa Sul. Os ingressos est\u00e3o \u00e0 venda a partir de R$ 50 Antes de come\u00e7ar a temporada de chuvas para valer, a comunidade evang\u00e9lica de confiss\u00e3o luterana de Bras\u00edlia realiza domingo, 3 o tradicional Costel\u00e3o Ga\u00facho 2023, que consiste no preparo de costela bovina assada lentamente no fogo [&hellip;]<\/p>\n","protected":false},"author":54,"featured_media":6073,"comment_status":"open","ping_status":"open","sticky":false,"template":"","format":"standard","meta":{"footnotes":""},"categories":[486],"tags":[850,851],"class_list":["post-7432","post","type-post","status-publish","format-standard","has-post-thumbnail","hentry","category-evento","tag-costelao-gaucho","tag-igreja-luterana"],"_links":{"self":[{"href":"https:\/\/blogs.correiobraziliense.com.br\/lianasabo\/wp-json\/wp\/v2\/posts\/7432","targetHints":{"allow":["GET"]}}],"collection":[{"href":"https:\/\/blogs.correiobraziliense.com.br\/lianasabo\/wp-json\/wp\/v2\/posts"}],"about":[{"href":"https:\/\/blogs.correiobraziliense.com.br\/lianasabo\/wp-json\/wp\/v2\/types\/post"}],"author":[{"embeddable":true,"href":"https:\/\/blogs.correiobraziliense.com.br\/lianasabo\/wp-json\/wp\/v2\/users\/54"}],"replies":[{"embeddable":true,"href":"https:\/\/blogs.correiobraziliense.com.br\/lianasabo\/wp-json\/wp\/v2\/comments?post=7432"}],"version-history":[{"count":1,"href":"https:\/\/blogs.correiobraziliense.com.br\/lianasabo\/wp-json\/wp\/v2\/posts\/7432\/revisions"}],"predecessor-version":[{"id":7434,"href":"https:\/\/blogs.correiobraziliense.com.br\/lianasabo\/wp-json\/wp\/v2\/posts\/7432\/revisions\/7434"}],"wp:featuredmedia":[{"embeddable":true,"href":"https:\/\/blogs.correiobraziliense.com.br\/lianasabo\/wp-json\/wp\/v2\/media\/6073"}],"wp:attachment":[{"href":"https:\/\/blogs.correiobraziliense.com.br\/lianasabo\/wp-json\/wp\/v2\/media?parent=7432"}],"wp:term":[{"taxonomy":"category","embeddable":true,"href":"https:\/\/blogs.correiobraziliense.com.br\/lianasabo\/wp-json\/wp\/v2\/categories?post=7432"},{"taxonomy":"post_tag","embeddable":true,"href":"https:\/\/blogs.correiobraziliense.com.br\/lianasabo\/wp-json\/wp\/v2\/tags?post=7432"}],"curies":[{"name":"wp","href":"https:\/\/api.w.org\/{rel}","templated":true}]}}