{"id":7421,"date":"2023-08-25T06:59:44","date_gmt":"2023-08-25T09:59:44","guid":{"rendered":"https:\/\/blogs.correiobraziliense.com.br\/lianasabo\/?p=7421"},"modified":"2023-08-25T16:26:26","modified_gmt":"2023-08-25T19:26:26","slug":"festival-de-cultura-nipo-desembarca-em-shopping-de-taguatinga","status":"publish","type":"post","link":"https:\/\/blogs.correiobraziliense.com.br\/lianasabo\/festival-de-cultura-nipo-desembarca-em-shopping-de-taguatinga\/","title":{"rendered":"Festival de cultura nipo desembarca em shopping de Taguatinga"},"content":{"rendered":"<p>O Nipo Festival estar\u00e1 de volta no pr\u00f3ximo fim de semana, 1\u00ba, 2 e 3 de setembro, ao Taguatinga Shopping, trazendo entre as deliciosas atra\u00e7\u00f5es o Izakaya Saskeyo do premiado chef Cristiano Komiya, com o Same Same de Raquel e seus s\u00f3cios e menu aut\u00eantico da culin\u00e1ria japonesa praticado por Rosa e os filhos no Donburi. Ingressos antecipados custam R$ 30, inteira e R$ 15, meia-entrada no site <a href=\"https:\/\/www.sympla.com.br\/evento\/nipo-festival-taguatinga-shopping\/2042868\">Sympla<\/a>. Voc\u00ea tamb\u00e9m pode levar seu pet e se doar um quilo de alimento ter\u00e1 direito a meia entrada.<\/p>\n<div id='gallery-1' class='gallery galleryid-7421 gallery-columns-3 gallery-size-full'><figure class='gallery-item'>\n\t\t\t<div class='gallery-icon landscape'>\n\t\t\t\t<a href='https:\/\/blogs.correiobraziliense.com.br\/lianasabo\/festival-de-cultura-nipo-desembarca-em-shopping-de-taguatinga\/whatsapp-image-2023-08-25-at-11-04-39\/'><img loading=\"lazy\" decoding=\"async\" width=\"1280\" height=\"854\" src=\"https:\/\/blogs.correiobraziliense.com.br\/lianasabo\/wp-content\/uploads\/sites\/25\/2023\/08\/WhatsApp-Image-2023-08-25-at-11.04.39.jpeg\" class=\"attachment-full size-full\" alt=\"\" aria-describedby=\"gallery-1-7426\" srcset=\"https:\/\/blogs.correiobraziliense.com.br\/lianasabo\/wp-content\/uploads\/sites\/25\/2023\/08\/WhatsApp-Image-2023-08-25-at-11.04.39.jpeg 1280w, https:\/\/blogs.correiobraziliense.com.br\/lianasabo\/wp-content\/uploads\/sites\/25\/2023\/08\/WhatsApp-Image-2023-08-25-at-11.04.39-300x200.jpeg 300w, https:\/\/blogs.correiobraziliense.com.br\/lianasabo\/wp-content\/uploads\/sites\/25\/2023\/08\/WhatsApp-Image-2023-08-25-at-11.04.39-768x512.jpeg 768w, https:\/\/blogs.correiobraziliense.com.br\/lianasabo\/wp-content\/uploads\/sites\/25\/2023\/08\/WhatsApp-Image-2023-08-25-at-11.04.39-1024x683.jpeg 1024w, https:\/\/blogs.correiobraziliense.com.br\/lianasabo\/wp-content\/uploads\/sites\/25\/2023\/08\/WhatsApp-Image-2023-08-25-at-11.04.39-800x534.jpeg 800w, https:\/\/blogs.correiobraziliense.com.br\/lianasabo\/wp-content\/uploads\/sites\/25\/2023\/08\/WhatsApp-Image-2023-08-25-at-11.04.39-550x367.jpeg 550w, https:\/\/blogs.correiobraziliense.com.br\/lianasabo\/wp-content\/uploads\/sites\/25\/2023\/08\/WhatsApp-Image-2023-08-25-at-11.04.39-230x153.jpeg 230w\" sizes=\"auto, (max-width: 1280px) 100vw, 1280px\" \/><\/a>\n\t\t\t<\/div>\n\t\t\t\t<figcaption class='wp-caption-text gallery-caption' id='gallery-1-7426'>\n\t\t\t\tCr\u00e9dito: Telmo Ximenes\/Divulga\u00e7\u00e3o\n\t\t\t\t<\/figcaption><\/figure><figure class='gallery-item'>\n\t\t\t<div class='gallery-icon landscape'>\n\t\t\t\t<a href='https:\/\/blogs.correiobraziliense.com.br\/lianasabo\/festival-de-cultura-nipo-desembarca-em-shopping-de-taguatinga\/whatsapp-image-2023-08-25-at-11-04-38\/'><img loading=\"lazy\" decoding=\"async\" width=\"1280\" height=\"854\" src=\"https:\/\/blogs.correiobraziliense.com.br\/lianasabo\/wp-content\/uploads\/sites\/25\/2023\/08\/WhatsApp-Image-2023-08-25-at-11.04.38.jpeg\" class=\"attachment-full size-full\" alt=\"\" aria-describedby=\"gallery-1-7427\" srcset=\"https:\/\/blogs.correiobraziliense.com.br\/lianasabo\/wp-content\/uploads\/sites\/25\/2023\/08\/WhatsApp-Image-2023-08-25-at-11.04.38.jpeg 1280w, https:\/\/blogs.correiobraziliense.com.br\/lianasabo\/wp-content\/uploads\/sites\/25\/2023\/08\/WhatsApp-Image-2023-08-25-at-11.04.38-300x200.jpeg 300w, https:\/\/blogs.correiobraziliense.com.br\/lianasabo\/wp-content\/uploads\/sites\/25\/2023\/08\/WhatsApp-Image-2023-08-25-at-11.04.38-768x512.jpeg 768w, https:\/\/blogs.correiobraziliense.com.br\/lianasabo\/wp-content\/uploads\/sites\/25\/2023\/08\/WhatsApp-Image-2023-08-25-at-11.04.38-1024x683.jpeg 1024w, https:\/\/blogs.correiobraziliense.com.br\/lianasabo\/wp-content\/uploads\/sites\/25\/2023\/08\/WhatsApp-Image-2023-08-25-at-11.04.38-800x534.jpeg 800w, https:\/\/blogs.correiobraziliense.com.br\/lianasabo\/wp-content\/uploads\/sites\/25\/2023\/08\/WhatsApp-Image-2023-08-25-at-11.04.38-550x367.jpeg 550w, https:\/\/blogs.correiobraziliense.com.br\/lianasabo\/wp-content\/uploads\/sites\/25\/2023\/08\/WhatsApp-Image-2023-08-25-at-11.04.38-230x153.jpeg 230w\" sizes=\"auto, (max-width: 1280px) 100vw, 1280px\" \/><\/a>\n\t\t\t<\/div>\n\t\t\t\t<figcaption class='wp-caption-text gallery-caption' id='gallery-1-7427'>\n\t\t\t\tCr\u00e9dito: Telmo Ximenes\/Divulga\u00e7\u00e3o\n\t\t\t\t<\/figcaption><\/figure><figure class='gallery-item'>\n\t\t\t<div class='gallery-icon landscape'>\n\t\t\t\t<a href='https:\/\/blogs.correiobraziliense.com.br\/lianasabo\/festival-de-cultura-nipo-desembarca-em-shopping-de-taguatinga\/whatsapp-image-2023-08-25-at-11-04-37\/'><img loading=\"lazy\" decoding=\"async\" width=\"1280\" height=\"854\" src=\"https:\/\/blogs.correiobraziliense.com.br\/lianasabo\/wp-content\/uploads\/sites\/25\/2023\/08\/WhatsApp-Image-2023-08-25-at-11.04.37.jpeg\" class=\"attachment-full size-full\" alt=\"\" aria-describedby=\"gallery-1-7428\" srcset=\"https:\/\/blogs.correiobraziliense.com.br\/lianasabo\/wp-content\/uploads\/sites\/25\/2023\/08\/WhatsApp-Image-2023-08-25-at-11.04.37.jpeg 1280w, https:\/\/blogs.correiobraziliense.com.br\/lianasabo\/wp-content\/uploads\/sites\/25\/2023\/08\/WhatsApp-Image-2023-08-25-at-11.04.37-300x200.jpeg 300w, https:\/\/blogs.correiobraziliense.com.br\/lianasabo\/wp-content\/uploads\/sites\/25\/2023\/08\/WhatsApp-Image-2023-08-25-at-11.04.37-768x512.jpeg 768w, https:\/\/blogs.correiobraziliense.com.br\/lianasabo\/wp-content\/uploads\/sites\/25\/2023\/08\/WhatsApp-Image-2023-08-25-at-11.04.37-1024x683.jpeg 1024w, https:\/\/blogs.correiobraziliense.com.br\/lianasabo\/wp-content\/uploads\/sites\/25\/2023\/08\/WhatsApp-Image-2023-08-25-at-11.04.37-800x534.jpeg 800w, https:\/\/blogs.correiobraziliense.com.br\/lianasabo\/wp-content\/uploads\/sites\/25\/2023\/08\/WhatsApp-Image-2023-08-25-at-11.04.37-550x367.jpeg 550w, https:\/\/blogs.correiobraziliense.com.br\/lianasabo\/wp-content\/uploads\/sites\/25\/2023\/08\/WhatsApp-Image-2023-08-25-at-11.04.37-230x153.jpeg 230w\" sizes=\"auto, (max-width: 1280px) 100vw, 1280px\" \/><\/a>\n\t\t\t<\/div>\n\t\t\t\t<figcaption class='wp-caption-text gallery-caption' id='gallery-1-7428'>\n\t\t\t\tCr\u00e9dito: Telmo Ximenes\/Divulga\u00e7\u00e3o\n\t\t\t\t<\/figcaption><\/figure>\n\t\t<\/div>\n\n","protected":false},"excerpt":{"rendered":"<p>O Nipo Festival estar\u00e1 de volta no pr\u00f3ximo fim de semana, 1\u00ba, 2 e 3 de setembro, ao Taguatinga Shopping, trazendo entre as deliciosas atra\u00e7\u00f5es o Izakaya Saskeyo do premiado chef Cristiano Komiya, com o Same Same de Raquel e seus s\u00f3cios e menu aut\u00eantico da culin\u00e1ria japonesa praticado por Rosa e os filhos no Donburi. Ingressos antecipados custam R$ [&hellip;]<\/p>\n","protected":false},"author":54,"featured_media":7425,"comment_status":"open","ping_status":"open","sticky":false,"template":"","format":"standard","meta":{"footnotes":""},"categories":[201],"tags":[700,701],"class_list":["post-7421","post","type-post","status-publish","format-standard","has-post-thumbnail","hentry","category-festival","tag-nipo-festival","tag-taguatinga-shopping"],"_links":{"self":[{"href":"https:\/\/blogs.correiobraziliense.com.br\/lianasabo\/wp-json\/wp\/v2\/posts\/7421","targetHints":{"allow":["GET"]}}],"collection":[{"href":"https:\/\/blogs.correiobraziliense.com.br\/lianasabo\/wp-json\/wp\/v2\/posts"}],"about":[{"href":"https:\/\/blogs.correiobraziliense.com.br\/lianasabo\/wp-json\/wp\/v2\/types\/post"}],"author":[{"embeddable":true,"href":"https:\/\/blogs.correiobraziliense.com.br\/lianasabo\/wp-json\/wp\/v2\/users\/54"}],"replies":[{"embeddable":true,"href":"https:\/\/blogs.correiobraziliense.com.br\/lianasabo\/wp-json\/wp\/v2\/comments?post=7421"}],"version-history":[{"count":3,"href":"https:\/\/blogs.correiobraziliense.com.br\/lianasabo\/wp-json\/wp\/v2\/posts\/7421\/revisions"}],"predecessor-version":[{"id":7430,"href":"https:\/\/blogs.correiobraziliense.com.br\/lianasabo\/wp-json\/wp\/v2\/posts\/7421\/revisions\/7430"}],"wp:featuredmedia":[{"embeddable":true,"href":"https:\/\/blogs.correiobraziliense.com.br\/lianasabo\/wp-json\/wp\/v2\/media\/7425"}],"wp:attachment":[{"href":"https:\/\/blogs.correiobraziliense.com.br\/lianasabo\/wp-json\/wp\/v2\/media?parent=7421"}],"wp:term":[{"taxonomy":"category","embeddable":true,"href":"https:\/\/blogs.correiobraziliense.com.br\/lianasabo\/wp-json\/wp\/v2\/categories?post=7421"},{"taxonomy":"post_tag","embeddable":true,"href":"https:\/\/blogs.correiobraziliense.com.br\/lianasabo\/wp-json\/wp\/v2\/tags?post=7421"}],"curies":[{"name":"wp","href":"https:\/\/api.w.org\/{rel}","templated":true}]}}