{"id":7418,"date":"2023-08-25T06:53:52","date_gmt":"2023-08-25T09:53:52","guid":{"rendered":"https:\/\/blogs.correiobraziliense.com.br\/lianasabo\/?p=7418"},"modified":"2023-08-24T17:00:43","modified_gmt":"2023-08-24T20:00:43","slug":"confraria-do-camarao-tera-unidade-no-venancio-shopping","status":"publish","type":"post","link":"https:\/\/blogs.correiobraziliense.com.br\/lianasabo\/confraria-do-camarao-tera-unidade-no-venancio-shopping\/","title":{"rendered":"Confraria do Camar\u00e3o ter\u00e1 unidade no Ven\u00e2ncio Shopping"},"content":{"rendered":"<p>Cada vez mais variada a parte de alimenta\u00e7\u00e3o do Ven\u00e2ncio Shopping vai receber em outubro a Confraria do Camar\u00e3o, grife comandada por An\u00edsio e Pedro Mendon\u00e7a, pai e filho, que ir\u00e3o instalar a unidade com 90 lugares e um card\u00e1pio de frutos do mar. Destaque para o camar\u00e3o Butterfly (R$ 144) e Santorini (R$ 118) para compartilhar.<\/p>\n","protected":false},"excerpt":{"rendered":"<p>Cada vez mais variada a parte de alimenta\u00e7\u00e3o do Ven\u00e2ncio Shopping vai receber em outubro a Confraria do Camar\u00e3o, grife comandada por An\u00edsio e Pedro Mendon\u00e7a, pai e filho, que ir\u00e3o instalar a unidade com 90 lugares e um card\u00e1pio de frutos do mar. Destaque para o camar\u00e3o Butterfly (R$ 144) e Santorini (R$ 118) para compartilhar.<\/p>\n","protected":false},"author":54,"featured_media":7422,"comment_status":"open","ping_status":"open","sticky":false,"template":"","format":"standard","meta":{"footnotes":""},"categories":[326],"tags":[849,662],"class_list":["post-7418","post","type-post","status-publish","format-standard","has-post-thumbnail","hentry","category-restaurantes","tag-confraria-do-camarao","tag-venancio-shopping"],"_links":{"self":[{"href":"https:\/\/blogs.correiobraziliense.com.br\/lianasabo\/wp-json\/wp\/v2\/posts\/7418","targetHints":{"allow":["GET"]}}],"collection":[{"href":"https:\/\/blogs.correiobraziliense.com.br\/lianasabo\/wp-json\/wp\/v2\/posts"}],"about":[{"href":"https:\/\/blogs.correiobraziliense.com.br\/lianasabo\/wp-json\/wp\/v2\/types\/post"}],"author":[{"embeddable":true,"href":"https:\/\/blogs.correiobraziliense.com.br\/lianasabo\/wp-json\/wp\/v2\/users\/54"}],"replies":[{"embeddable":true,"href":"https:\/\/blogs.correiobraziliense.com.br\/lianasabo\/wp-json\/wp\/v2\/comments?post=7418"}],"version-history":[{"count":1,"href":"https:\/\/blogs.correiobraziliense.com.br\/lianasabo\/wp-json\/wp\/v2\/posts\/7418\/revisions"}],"predecessor-version":[{"id":7420,"href":"https:\/\/blogs.correiobraziliense.com.br\/lianasabo\/wp-json\/wp\/v2\/posts\/7418\/revisions\/7420"}],"wp:featuredmedia":[{"embeddable":true,"href":"https:\/\/blogs.correiobraziliense.com.br\/lianasabo\/wp-json\/wp\/v2\/media\/7422"}],"wp:attachment":[{"href":"https:\/\/blogs.correiobraziliense.com.br\/lianasabo\/wp-json\/wp\/v2\/media?parent=7418"}],"wp:term":[{"taxonomy":"category","embeddable":true,"href":"https:\/\/blogs.correiobraziliense.com.br\/lianasabo\/wp-json\/wp\/v2\/categories?post=7418"},{"taxonomy":"post_tag","embeddable":true,"href":"https:\/\/blogs.correiobraziliense.com.br\/lianasabo\/wp-json\/wp\/v2\/tags?post=7418"}],"curies":[{"name":"wp","href":"https:\/\/api.w.org\/{rel}","templated":true}]}}