{"id":7393,"date":"2023-08-25T06:30:37","date_gmt":"2023-08-25T09:30:37","guid":{"rendered":"https:\/\/blogs.correiobraziliense.com.br\/lianasabo\/?p=7393"},"modified":"2023-08-24T16:47:52","modified_gmt":"2023-08-24T19:47:52","slug":"conheca-os-vinhos-produzidos-pela-vinicola-calliandra","status":"publish","type":"post","link":"https:\/\/blogs.correiobraziliense.com.br\/lianasabo\/conheca-os-vinhos-produzidos-pela-vinicola-calliandra\/","title":{"rendered":"Conhe\u00e7a os vinhos produzidos pela Vin\u00edcola Calliandra"},"content":{"rendered":"<p><em>Os r\u00f3tulos t\u00eam origem nas uvas cultivadas na Fazenda Santa Rosa, em Goi\u00e1s.\u00a0Nos fins de semana a propriedade est\u00e1 aberta \u00e0 visita\u00e7\u00e3o do p\u00fablico<\/em><\/p>\n<p>Apenas um pneu velho caiado de branco \u00e0 beira da BR 070 no KM 55, rumo a Cocalzinho, indica (para quem sabe) a entrada da estrada de terra, distante sete quil\u00f4metros do asfalto, at\u00e9 a Fazenda Santa Rosa, onde nasceram as parreiras que d\u00e3o origem ao primeiro vinho de Goi\u00e1s, o Intr\u00e9pido, considerado \u201cuma aberra\u00e7\u00e3o de t\u00e3o bom\u201d pelo sommelier Manoel Beato, um dos mais renomados especialistas brasileiros.<\/p>\n<figure id=\"attachment_7397\" aria-describedby=\"caption-attachment-7397\" style=\"width: 300px\" class=\"wp-caption alignright\"><a href=\"https:\/\/blogs.correiobraziliense.com.br\/lianasabo\/wp-content\/uploads\/sites\/25\/2023\/08\/WhatsApp-Image-2023-08-24-at-10.09.01-1.jpeg\"><img loading=\"lazy\" decoding=\"async\" class=\"size-medium wp-image-7397\" src=\"https:\/\/blogs.correiobraziliense.com.br\/lianasabo\/wp-content\/uploads\/sites\/25\/2023\/08\/WhatsApp-Image-2023-08-24-at-10.09.01-1-300x267.jpeg\" alt=\"\" width=\"300\" height=\"267\" srcset=\"https:\/\/blogs.correiobraziliense.com.br\/lianasabo\/wp-content\/uploads\/sites\/25\/2023\/08\/WhatsApp-Image-2023-08-24-at-10.09.01-1-300x267.jpeg 300w, https:\/\/blogs.correiobraziliense.com.br\/lianasabo\/wp-content\/uploads\/sites\/25\/2023\/08\/WhatsApp-Image-2023-08-24-at-10.09.01-1-550x489.jpeg 550w, https:\/\/blogs.correiobraziliense.com.br\/lianasabo\/wp-content\/uploads\/sites\/25\/2023\/08\/WhatsApp-Image-2023-08-24-at-10.09.01-1-230x205.jpeg 230w, https:\/\/blogs.correiobraziliense.com.br\/lianasabo\/wp-content\/uploads\/sites\/25\/2023\/08\/WhatsApp-Image-2023-08-24-at-10.09.01-1.jpeg 763w\" sizes=\"auto, (max-width: 300px) 100vw, 300px\" \/><\/a><figcaption id=\"caption-attachment-7397\" class=\"wp-caption-text\">Cr\u00e9dito: Liana Sabo\/CB\/D.A Press<\/figcaption><\/figure>\n<p>Fruto do esfor\u00e7o, dedica\u00e7\u00e3o e at\u00e9 teimosia do m\u00e9dico goiano Marcelo de Souza em produzir a bebida de quatro mil anos no cerrado, a primeira colheita das uvas Sirah, Barbera, Sangiovese e Tempranillo se deu em 2008 e dois anos depois eram lan\u00e7ados os primeiros r\u00f3tulos da Vin\u00edcola Pirineus.<\/p>\n<p>Treze anos mais tarde, os vinhedos atingem 5 hectares, alguns a 930m do solo, o que caracteriza vinhos de altitude al\u00e9m da dupla poda, como \u00e9 chamada a tecnologia que muda o ciclo natural da planta e permite que venha a produzir duas vezes por ano.<\/p>\n<p><strong>Experi\u00eancia rural<\/strong><\/p>\n<p>Propriet\u00e1ria da Fazenda Santa Rosa, heran\u00e7a do pai, Adriana Carvalho, ex-mulher de Marcelo, cultiva ali suas pr\u00f3prias videiras que j\u00e1 renderam quatro r\u00f3tulos produzidos pela Vin\u00edcola Calliandra, fundada por ela. \u201cO nome remete a uma flor singular delicada e resistente de ra\u00edzes profundas, considerada a f\u00eanix do cerrado, cujo processo se assemelha ao meu, que depois de uma separa\u00e7\u00e3o teve in\u00edcio nova etapa de vida\u201d, explica a vitoriosa Adriana.<\/p>\n<div id='gallery-1' class='gallery galleryid-7393 gallery-columns-3 gallery-size-full'><figure class='gallery-item'>\n\t\t\t<div class='gallery-icon portrait'>\n\t\t\t\t<a href='https:\/\/blogs.correiobraziliense.com.br\/lianasabo\/conheca-os-vinhos-produzidos-pela-vinicola-calliandra\/whatsapp-image-2023-08-24-at-10-09-01\/'><img loading=\"lazy\" decoding=\"async\" width=\"768\" height=\"1024\" src=\"https:\/\/blogs.correiobraziliense.com.br\/lianasabo\/wp-content\/uploads\/sites\/25\/2023\/08\/WhatsApp-Image-2023-08-24-at-10.09.01.jpeg\" class=\"attachment-full size-full\" alt=\"\" aria-describedby=\"gallery-1-7394\" srcset=\"https:\/\/blogs.correiobraziliense.com.br\/lianasabo\/wp-content\/uploads\/sites\/25\/2023\/08\/WhatsApp-Image-2023-08-24-at-10.09.01.jpeg 768w, https:\/\/blogs.correiobraziliense.com.br\/lianasabo\/wp-content\/uploads\/sites\/25\/2023\/08\/WhatsApp-Image-2023-08-24-at-10.09.01-225x300.jpeg 225w, https:\/\/blogs.correiobraziliense.com.br\/lianasabo\/wp-content\/uploads\/sites\/25\/2023\/08\/WhatsApp-Image-2023-08-24-at-10.09.01-550x733.jpeg 550w, https:\/\/blogs.correiobraziliense.com.br\/lianasabo\/wp-content\/uploads\/sites\/25\/2023\/08\/WhatsApp-Image-2023-08-24-at-10.09.01-230x307.jpeg 230w\" sizes=\"auto, (max-width: 768px) 100vw, 768px\" \/><\/a>\n\t\t\t<\/div>\n\t\t\t\t<figcaption class='wp-caption-text gallery-caption' id='gallery-1-7394'>\n\t\t\t\tLocalizado pr\u00f3ximo a Cocalzinho (GO), o vinhedo serve lanche e almo\u00e7o durante as visitas. Cr\u00e9dito: Liana Sabo\/CB\/D.A Press\n\t\t\t\t<\/figcaption><\/figure><figure class='gallery-item'>\n\t\t\t<div class='gallery-icon portrait'>\n\t\t\t\t<a href='https:\/\/blogs.correiobraziliense.com.br\/lianasabo\/conheca-os-vinhos-produzidos-pela-vinicola-calliandra\/whatsapp-image-2023-08-24-at-10-09-00-1\/'><img loading=\"lazy\" decoding=\"async\" width=\"768\" height=\"1024\" src=\"https:\/\/blogs.correiobraziliense.com.br\/lianasabo\/wp-content\/uploads\/sites\/25\/2023\/08\/WhatsApp-Image-2023-08-24-at-10.09.00-1.jpeg\" class=\"attachment-full size-full\" alt=\"\" aria-describedby=\"gallery-1-7395\" srcset=\"https:\/\/blogs.correiobraziliense.com.br\/lianasabo\/wp-content\/uploads\/sites\/25\/2023\/08\/WhatsApp-Image-2023-08-24-at-10.09.00-1.jpeg 768w, https:\/\/blogs.correiobraziliense.com.br\/lianasabo\/wp-content\/uploads\/sites\/25\/2023\/08\/WhatsApp-Image-2023-08-24-at-10.09.00-1-225x300.jpeg 225w, https:\/\/blogs.correiobraziliense.com.br\/lianasabo\/wp-content\/uploads\/sites\/25\/2023\/08\/WhatsApp-Image-2023-08-24-at-10.09.00-1-550x733.jpeg 550w, https:\/\/blogs.correiobraziliense.com.br\/lianasabo\/wp-content\/uploads\/sites\/25\/2023\/08\/WhatsApp-Image-2023-08-24-at-10.09.00-1-230x307.jpeg 230w\" sizes=\"auto, (max-width: 768px) 100vw, 768px\" \/><\/a>\n\t\t\t<\/div>\n\t\t\t\t<figcaption class='wp-caption-text gallery-caption' id='gallery-1-7395'>\n\t\t\t\tLocalizado pr\u00f3ximo a Cocalzinho (GO), o vinhedo serve lanche e almo\u00e7o durante as visitas. Cr\u00e9dito: Liana Sabo\/CB\/D.A Press\n\t\t\t\t<\/figcaption><\/figure>\n\t\t<\/div>\n\n<p>Nos fins de semana a propriedade est\u00e1 aberta \u00e0 visita\u00e7\u00e3o, que come\u00e7a por um delicioso cafezinho com biscoitos artesanais servidos em ambiente r\u00fastico e aconchegante. A pr\u00f3pria dona gosta de acompanhar os visitantes mostrando-lhes as vinhas e contando a origem de cada casta e o que produz com elas. Na volta tem in\u00edcio degusta\u00e7\u00e3o dos vinhos e saboroso almo\u00e7o de duas entradas. Uma de salada verde com tomate confit da horta e a outra de queijos da regi\u00e3o com pastas de baru e pequi, al\u00e9m de burrata.<\/p>\n<p>Inspirado na culin\u00e1ria italiana vem \u00e0 mesa prato quente de massa com toque goiano dado por Nubia, bra\u00e7o direito da Adriana, que junto com o marido s\u00e3o caseiros h\u00e1 16 anos. A sobremesa \u00e9 doce t\u00edpico de fazenda. Depois do almo\u00e7o, voc\u00ea pode descansar numa das coloridas redes do ventilado espa\u00e7o. Calliandra Experi\u00eancia Rural \u00e9 o nome do programa que integra a rota dos Pirineus e sai por R$ 215 por pessoa.<\/p>\n<p><strong>Lojinha<\/strong><\/p>\n<figure id=\"attachment_7411\" aria-describedby=\"caption-attachment-7411\" style=\"width: 225px\" class=\"wp-caption alignleft\"><a href=\"https:\/\/blogs.correiobraziliense.com.br\/lianasabo\/wp-content\/uploads\/sites\/25\/2023\/08\/WhatsApp-Image-2023-08-24-at-10.09.05.jpeg\"><img loading=\"lazy\" decoding=\"async\" class=\"size-medium wp-image-7411\" src=\"https:\/\/blogs.correiobraziliense.com.br\/lianasabo\/wp-content\/uploads\/sites\/25\/2023\/08\/WhatsApp-Image-2023-08-24-at-10.09.05-225x300.jpeg\" alt=\"\" width=\"225\" height=\"300\" srcset=\"https:\/\/blogs.correiobraziliense.com.br\/lianasabo\/wp-content\/uploads\/sites\/25\/2023\/08\/WhatsApp-Image-2023-08-24-at-10.09.05-225x300.jpeg 225w, https:\/\/blogs.correiobraziliense.com.br\/lianasabo\/wp-content\/uploads\/sites\/25\/2023\/08\/WhatsApp-Image-2023-08-24-at-10.09.05-768x1024.jpeg 768w, https:\/\/blogs.correiobraziliense.com.br\/lianasabo\/wp-content\/uploads\/sites\/25\/2023\/08\/WhatsApp-Image-2023-08-24-at-10.09.05.jpeg 800w, https:\/\/blogs.correiobraziliense.com.br\/lianasabo\/wp-content\/uploads\/sites\/25\/2023\/08\/WhatsApp-Image-2023-08-24-at-10.09.05-550x734.jpeg 550w, https:\/\/blogs.correiobraziliense.com.br\/lianasabo\/wp-content\/uploads\/sites\/25\/2023\/08\/WhatsApp-Image-2023-08-24-at-10.09.05-230x307.jpeg 230w\" sizes=\"auto, (max-width: 225px) 100vw, 225px\" \/><\/a><figcaption id=\"caption-attachment-7411\" class=\"wp-caption-text\">Cr\u00e9dito: Vin\u00edcola Calliandra\/Diuvlga\u00e7\u00e3o<\/figcaption><\/figure>\n<p>Os r\u00f3tulos s\u00e3o Espumante Sur Lie (continua com as leveduras dentro da garrafa) por R$ 105; Calliandra Ciclos, blend 2018 de Syrah, Barbera e Tempranillo por R$ 85; Calliandra Momentos Tempranillo 2020 por R$ 115 e o \u00faltimo lan\u00e7amento Odisseia, um varietal de Barbera 2019 com a qual foram feitas 800 garrafas por R$ 165 cada. No local, s\u00e3o vendidos tamb\u00e9m os vinhos da Vin\u00edcola Pirineus e outros r\u00f3tulos nacionais, al\u00e9m de sucos de uva, mel, queijos e geleias de produtores. Reservas: (62) 99944-3314.<\/p>\n","protected":false},"excerpt":{"rendered":"<p>Os r\u00f3tulos t\u00eam origem nas uvas cultivadas na Fazenda Santa Rosa, em Goi\u00e1s.\u00a0Nos fins de semana a propriedade est\u00e1 aberta \u00e0 visita\u00e7\u00e3o do p\u00fablico Apenas um pneu velho caiado de branco \u00e0 beira da BR 070 no KM 55, rumo a Cocalzinho, indica (para quem sabe) a entrada da estrada de terra, distante sete quil\u00f4metros do asfalto, at\u00e9 a Fazenda [&hellip;]<\/p>\n","protected":false},"author":54,"featured_media":7396,"comment_status":"open","ping_status":"open","sticky":false,"template":"","format":"standard","meta":{"footnotes":""},"categories":[222],"tags":[843,844,422,332],"class_list":["post-7393","post","type-post","status-publish","format-standard","has-post-thumbnail","hentry","category-vinhos","tag-fazenda-santa-rosa","tag-goias","tag-vinhedo","tag-vinho-tinto"],"_links":{"self":[{"href":"https:\/\/blogs.correiobraziliense.com.br\/lianasabo\/wp-json\/wp\/v2\/posts\/7393","targetHints":{"allow":["GET"]}}],"collection":[{"href":"https:\/\/blogs.correiobraziliense.com.br\/lianasabo\/wp-json\/wp\/v2\/posts"}],"about":[{"href":"https:\/\/blogs.correiobraziliense.com.br\/lianasabo\/wp-json\/wp\/v2\/types\/post"}],"author":[{"embeddable":true,"href":"https:\/\/blogs.correiobraziliense.com.br\/lianasabo\/wp-json\/wp\/v2\/users\/54"}],"replies":[{"embeddable":true,"href":"https:\/\/blogs.correiobraziliense.com.br\/lianasabo\/wp-json\/wp\/v2\/comments?post=7393"}],"version-history":[{"count":2,"href":"https:\/\/blogs.correiobraziliense.com.br\/lianasabo\/wp-json\/wp\/v2\/posts\/7393\/revisions"}],"predecessor-version":[{"id":7412,"href":"https:\/\/blogs.correiobraziliense.com.br\/lianasabo\/wp-json\/wp\/v2\/posts\/7393\/revisions\/7412"}],"wp:featuredmedia":[{"embeddable":true,"href":"https:\/\/blogs.correiobraziliense.com.br\/lianasabo\/wp-json\/wp\/v2\/media\/7396"}],"wp:attachment":[{"href":"https:\/\/blogs.correiobraziliense.com.br\/lianasabo\/wp-json\/wp\/v2\/media?parent=7393"}],"wp:term":[{"taxonomy":"category","embeddable":true,"href":"https:\/\/blogs.correiobraziliense.com.br\/lianasabo\/wp-json\/wp\/v2\/categories?post=7393"},{"taxonomy":"post_tag","embeddable":true,"href":"https:\/\/blogs.correiobraziliense.com.br\/lianasabo\/wp-json\/wp\/v2\/tags?post=7393"}],"curies":[{"name":"wp","href":"https:\/\/api.w.org\/{rel}","templated":true}]}}