{"id":7370,"date":"2023-08-18T05:57:04","date_gmt":"2023-08-18T08:57:04","guid":{"rendered":"https:\/\/blogs.correiobraziliense.com.br\/lianasabo\/?p=7370"},"modified":"2023-08-17T23:33:03","modified_gmt":"2023-08-18T02:33:03","slug":"churrascada-tgs-tera-segunda-edicao-neste-fim-de-semana","status":"publish","type":"post","link":"https:\/\/blogs.correiobraziliense.com.br\/lianasabo\/churrascada-tgs-tera-segunda-edicao-neste-fim-de-semana\/","title":{"rendered":"Churrascada TGS ter\u00e1 segunda edi\u00e7\u00e3o neste fim de semana"},"content":{"rendered":"<p><em>Evento gastron\u00f4mico ser\u00e1 nos dias 19 e 20 de agosto no Taguatinga Shopping<\/em><\/p>\n<p>Ap\u00f3s o sucesso da edi\u00e7\u00e3o de estreia no ano passado, a Churrascada TGS est\u00e1 de volta. A nova temporada ser\u00e1 realizada neste fim de semana, nos dias 19 e 20 de agosto, a partir das 12h at\u00e9 as 22h, no s\u00e1bado, e at\u00e9 as 20h, no domingo.<\/p>\n<p>Neste ano, o evento ter\u00e1 seis esta\u00e7\u00f5es com op\u00e7\u00f5es de carnes e peixes para todos os gostos, com pre\u00e7os que variam de R$ 15 a R$ 45. O festival ocorre a c\u00e9u aberto, no estacionamento E2. A entrada \u00e9 gratuita, mediante doa\u00e7\u00e3o de 1kg de alimento n\u00e3o perec\u00edvel e retirada do ingresso pelo Sympla. O evento \u00e9 aberto para toda a fam\u00edlia.<\/p>\n<p>Opera\u00e7\u00f5es famosas como Superquadra, Inforno, V\u00e9i Chico, Don Vitorio e Helv\u00e9cio j\u00e1 est\u00e3o confirmadas no evento, que contar\u00e1 com esta\u00e7\u00f5es, pit smokers, fogo de ch\u00e3o e playbar com cervejas e drinques.<\/p>\n<figure id=\"attachment_7372\" aria-describedby=\"caption-attachment-7372\" style=\"width: 800px\" class=\"wp-caption aligncenter\"><a href=\"https:\/\/blogs.correiobraziliense.com.br\/lianasabo\/wp-content\/uploads\/sites\/25\/2023\/08\/Churrascada_Tonico.jpeg\"><img loading=\"lazy\" decoding=\"async\" class=\"size-full wp-image-7372\" src=\"https:\/\/blogs.correiobraziliense.com.br\/lianasabo\/wp-content\/uploads\/sites\/25\/2023\/08\/Churrascada_Tonico.jpeg\" alt=\"\" width=\"800\" height=\"533\" srcset=\"https:\/\/blogs.correiobraziliense.com.br\/lianasabo\/wp-content\/uploads\/sites\/25\/2023\/08\/Churrascada_Tonico.jpeg 800w, https:\/\/blogs.correiobraziliense.com.br\/lianasabo\/wp-content\/uploads\/sites\/25\/2023\/08\/Churrascada_Tonico-300x200.jpeg 300w, https:\/\/blogs.correiobraziliense.com.br\/lianasabo\/wp-content\/uploads\/sites\/25\/2023\/08\/Churrascada_Tonico-768x512.jpeg 768w, https:\/\/blogs.correiobraziliense.com.br\/lianasabo\/wp-content\/uploads\/sites\/25\/2023\/08\/Churrascada_Tonico-550x366.jpeg 550w, https:\/\/blogs.correiobraziliense.com.br\/lianasabo\/wp-content\/uploads\/sites\/25\/2023\/08\/Churrascada_Tonico-230x153.jpeg 230w\" sizes=\"auto, (max-width: 800px) 100vw, 800px\" \/><\/a><figcaption id=\"caption-attachment-7372\" class=\"wp-caption-text\">Chef Tonico. Cr\u00e9dito: Churrascada TGS\/Divulga\u00e7\u00e3o<\/figcaption><\/figure>\n<p>O Churrascada TGS oferece, ainda, aulas-show com grandes nomes da gastronomia: no s\u00e1bado, \u00e0s 16h, o chef Helv\u00e9cio Maciel, especialista em peixes, apresenta um pouco da culin\u00e1ria old school com pescados nativos. J\u00e1 no domingo, \u00e0s 15h, o chef Tonico, propriet\u00e1rio do Superquadra, ensinar\u00e1 o p\u00fablico a fazer seu famoso arroz de costela. Os encontros s\u00e3o gratuitos e abertos aos visitantes.<\/p>\n<p>A m\u00fasica ser\u00e1 um espet\u00e1culo \u00e0 parte com o melhor do rock. Os shows ficam por conta de Philippe Seabra (Plebe Rude), com participa\u00e7\u00e3o do artista Meolly e da brasiliense Distintos Filhos, no s\u00e1bado \u00e0s 17h, e da banda Aborto El\u00e9trico, no domingo, \u00e0s 16h. Para a crian\u00e7ada, o shopping preparou um espa\u00e7o kids com brinquedoteca.<\/p>\n","protected":false},"excerpt":{"rendered":"<p>Evento gastron\u00f4mico ser\u00e1 nos dias 19 e 20 de agosto no Taguatinga Shopping Ap\u00f3s o sucesso da edi\u00e7\u00e3o de estreia no ano passado, a Churrascada TGS est\u00e1 de volta. A nova temporada ser\u00e1 realizada neste fim de semana, nos dias 19 e 20 de agosto, a partir das 12h at\u00e9 as 22h, no s\u00e1bado, e at\u00e9 as 20h, no domingo. [&hellip;]<\/p>\n","protected":false},"author":54,"featured_media":7371,"comment_status":"open","ping_status":"open","sticky":false,"template":"","format":"standard","meta":{"footnotes":""},"categories":[201],"tags":[580],"class_list":["post-7370","post","type-post","status-publish","format-standard","has-post-thumbnail","hentry","category-festival","tag-churrascada-tgs"],"_links":{"self":[{"href":"https:\/\/blogs.correiobraziliense.com.br\/lianasabo\/wp-json\/wp\/v2\/posts\/7370","targetHints":{"allow":["GET"]}}],"collection":[{"href":"https:\/\/blogs.correiobraziliense.com.br\/lianasabo\/wp-json\/wp\/v2\/posts"}],"about":[{"href":"https:\/\/blogs.correiobraziliense.com.br\/lianasabo\/wp-json\/wp\/v2\/types\/post"}],"author":[{"embeddable":true,"href":"https:\/\/blogs.correiobraziliense.com.br\/lianasabo\/wp-json\/wp\/v2\/users\/54"}],"replies":[{"embeddable":true,"href":"https:\/\/blogs.correiobraziliense.com.br\/lianasabo\/wp-json\/wp\/v2\/comments?post=7370"}],"version-history":[{"count":1,"href":"https:\/\/blogs.correiobraziliense.com.br\/lianasabo\/wp-json\/wp\/v2\/posts\/7370\/revisions"}],"predecessor-version":[{"id":7373,"href":"https:\/\/blogs.correiobraziliense.com.br\/lianasabo\/wp-json\/wp\/v2\/posts\/7370\/revisions\/7373"}],"wp:featuredmedia":[{"embeddable":true,"href":"https:\/\/blogs.correiobraziliense.com.br\/lianasabo\/wp-json\/wp\/v2\/media\/7371"}],"wp:attachment":[{"href":"https:\/\/blogs.correiobraziliense.com.br\/lianasabo\/wp-json\/wp\/v2\/media?parent=7370"}],"wp:term":[{"taxonomy":"category","embeddable":true,"href":"https:\/\/blogs.correiobraziliense.com.br\/lianasabo\/wp-json\/wp\/v2\/categories?post=7370"},{"taxonomy":"post_tag","embeddable":true,"href":"https:\/\/blogs.correiobraziliense.com.br\/lianasabo\/wp-json\/wp\/v2\/tags?post=7370"}],"curies":[{"name":"wp","href":"https:\/\/api.w.org\/{rel}","templated":true}]}}