{"id":7364,"date":"2023-08-18T06:00:00","date_gmt":"2023-08-18T09:00:00","guid":{"rendered":"https:\/\/blogs.correiobraziliense.com.br\/lianasabo\/?p=7364"},"modified":"2023-08-18T06:26:43","modified_gmt":"2023-08-18T09:26:43","slug":"em-aniversario-de-24-anos-importadora-vai-lancar-vinhos-argentinos","status":"publish","type":"post","link":"https:\/\/blogs.correiobraziliense.com.br\/lianasabo\/em-aniversario-de-24-anos-importadora-vai-lancar-vinhos-argentinos\/","title":{"rendered":"Em anivers\u00e1rio de 24 anos, importadora vai lan\u00e7ar vinhos argentinos"},"content":{"rendered":"<p><em>S\u00e3o cinco r\u00f3tulos que j\u00e1 est\u00e3o dispon\u00edveis para compra na Rota do Vinho, na Asa Sul<\/em><\/p>\n<p>World Wine, a importadora brasileira que dobrou de tamanho em quatro anos, est\u00e1 completando este m\u00eas 24 anos e para comemorar a data selecionou alguns de seus maiores produtores para trazer ao Brasil as melhores novidades, como a vin\u00edcola Alto Las Hormigas da vizinha Argentina.<\/p>\n<figure id=\"attachment_7381\" aria-describedby=\"caption-attachment-7381\" style=\"width: 257px\" class=\"wp-caption alignleft\"><a href=\"https:\/\/blogs.correiobraziliense.com.br\/lianasabo\/wp-content\/uploads\/sites\/25\/2023\/08\/Screenshot_20230818_061907_CB.jpg\"><img loading=\"lazy\" decoding=\"async\" class=\"size-medium wp-image-7381\" src=\"https:\/\/blogs.correiobraziliense.com.br\/lianasabo\/wp-content\/uploads\/sites\/25\/2023\/08\/Screenshot_20230818_061907_CB-257x300.jpg\" alt=\"\" width=\"257\" height=\"300\" srcset=\"https:\/\/blogs.correiobraziliense.com.br\/lianasabo\/wp-content\/uploads\/sites\/25\/2023\/08\/Screenshot_20230818_061907_CB-257x300.jpg 257w, https:\/\/blogs.correiobraziliense.com.br\/lianasabo\/wp-content\/uploads\/sites\/25\/2023\/08\/Screenshot_20230818_061907_CB-230x269.jpg 230w, https:\/\/blogs.correiobraziliense.com.br\/lianasabo\/wp-content\/uploads\/sites\/25\/2023\/08\/Screenshot_20230818_061907_CB.jpg 469w\" sizes=\"auto, (max-width: 257px) 100vw, 257px\" \/><\/a><figcaption id=\"caption-attachment-7381\" class=\"wp-caption-text\">Cr\u00e9dito: Su Maestri\/Divulga\u00e7\u00e3o<\/figcaption><\/figure>\n<p>Localizada em Mendoza, a empresa se destaca no cultivo org\u00e2nico e biodin\u00e2mico da uva Malbec, cujo vinho Reserva 2020 (R$ 268) foi apresentado segunda-feira em Bras\u00edlia pelo en\u00f3logo Federico Gambetta (foto), que veio pela primeira vez ao Brasil para comandar degusta\u00e7\u00e3o.<\/p>\n<p>Destaque ainda para o top Malbec Appellation Paraje Altamira 2020 (R$ 422), Bonarda Colonia Las Liebres (R$ 154), o Malbec Terroir Valle de Uco 2019 (R$ 149) e o Blanco 2021 (R$ 124). Todos est\u00e3o dispon\u00edveis na Rota do Vinho, 410 Sul, Bloco D.<\/p>\n","protected":false},"excerpt":{"rendered":"<p>S\u00e3o cinco r\u00f3tulos que j\u00e1 est\u00e3o dispon\u00edveis para compra na Rota do Vinho, na Asa Sul World Wine, a importadora brasileira que dobrou de tamanho em quatro anos, est\u00e1 completando este m\u00eas 24 anos e para comemorar a data selecionou alguns de seus maiores produtores para trazer ao Brasil as melhores novidades, como a vin\u00edcola Alto Las Hormigas da vizinha [&hellip;]<\/p>\n","protected":false},"author":54,"featured_media":0,"comment_status":"open","ping_status":"open","sticky":false,"template":"","format":"standard","meta":{"footnotes":""},"categories":[222],"tags":[298,92,840],"class_list":["post-7364","post","type-post","status-publish","format-standard","hentry","category-vinhos","tag-rota-do-vinho","tag-vinho","tag-world-wine"],"_links":{"self":[{"href":"https:\/\/blogs.correiobraziliense.com.br\/lianasabo\/wp-json\/wp\/v2\/posts\/7364","targetHints":{"allow":["GET"]}}],"collection":[{"href":"https:\/\/blogs.correiobraziliense.com.br\/lianasabo\/wp-json\/wp\/v2\/posts"}],"about":[{"href":"https:\/\/blogs.correiobraziliense.com.br\/lianasabo\/wp-json\/wp\/v2\/types\/post"}],"author":[{"embeddable":true,"href":"https:\/\/blogs.correiobraziliense.com.br\/lianasabo\/wp-json\/wp\/v2\/users\/54"}],"replies":[{"embeddable":true,"href":"https:\/\/blogs.correiobraziliense.com.br\/lianasabo\/wp-json\/wp\/v2\/comments?post=7364"}],"version-history":[{"count":2,"href":"https:\/\/blogs.correiobraziliense.com.br\/lianasabo\/wp-json\/wp\/v2\/posts\/7364\/revisions"}],"predecessor-version":[{"id":7382,"href":"https:\/\/blogs.correiobraziliense.com.br\/lianasabo\/wp-json\/wp\/v2\/posts\/7364\/revisions\/7382"}],"wp:attachment":[{"href":"https:\/\/blogs.correiobraziliense.com.br\/lianasabo\/wp-json\/wp\/v2\/media?parent=7364"}],"wp:term":[{"taxonomy":"category","embeddable":true,"href":"https:\/\/blogs.correiobraziliense.com.br\/lianasabo\/wp-json\/wp\/v2\/categories?post=7364"},{"taxonomy":"post_tag","embeddable":true,"href":"https:\/\/blogs.correiobraziliense.com.br\/lianasabo\/wp-json\/wp\/v2\/tags?post=7364"}],"curies":[{"name":"wp","href":"https:\/\/api.w.org\/{rel}","templated":true}]}}