{"id":7355,"date":"2023-08-16T08:37:23","date_gmt":"2023-08-16T11:37:23","guid":{"rendered":"https:\/\/blogs.correiobraziliense.com.br\/lianasabo\/?p=7355"},"modified":"2023-08-16T08:37:23","modified_gmt":"2023-08-16T11:37:23","slug":"area-cultural-de-shopping-recebe-pela-primeira-vez-evento-de-vinhos","status":"publish","type":"post","link":"https:\/\/blogs.correiobraziliense.com.br\/lianasabo\/area-cultural-de-shopping-recebe-pela-primeira-vez-evento-de-vinhos\/","title":{"rendered":"\u00c1rea cultural de shopping recebe pela primeira vez evento de vinhos"},"content":{"rendered":"<p><em>Batizada de Vinhedo no Jardim, a feira ser\u00e1 de 17 a 19 de agosto no Conjunto Nacional<\/em><\/p>\n<p>A popula\u00e7\u00e3o de Bras\u00edlia apreciadora de vinho tem mais um evento para celebrar a bebida. \u00c9 o Vinhedo Urbano que ocorre de 17 a 19 de agosto, das 12h \u00e0s 22h, no Jardim Urbano, no terceiro piso do shopping Conjunto Nacional. A programa\u00e7\u00e3o \u00e9 gratuita.<\/p>\n<p>Durante tr\u00eas dias, a feira contar\u00e1 com exposi\u00e7\u00e3o, degusta\u00e7\u00e3o e comercializa\u00e7\u00e3o de r\u00f3tulos das marcas Terranostra, Cs Vinhos, Due Eventos, Pharofa Premium, Nilwines, La Priori e Doc Vinhos. O evento tamb\u00e9m ter\u00e1 cursos e palestras sobre o tema e atra\u00e7\u00f5es musicais.<\/p>\n<p>O evento \u00e9 idealizado e promovido por Carlos Borges, empres\u00e1rio e renomado sommelier da Associa\u00e7\u00e3o Brasileira de Sommeliers do Distrito Federal (ABS-DF).<\/p>\n<p><strong>Confira a programa\u00e7\u00e3o completa:<\/strong><\/p>\n<p><strong>Cursos e palestras<\/strong><\/p>\n<p><strong>Com Felipe Matos Somm<\/strong><\/p>\n<p>17\/8 (quinta-feira): \u00e0s 17h<br \/>\n18\/8(sexta-feira): \u00e0s 18h e \u00e0s 20h<br \/>\n19\/8(s\u00e1bado): \u00e0s 17h e \u00e0s 19h<\/p>\n<p><strong>Com Rachel Nariyoshi<\/strong><\/p>\n<p>17\/8(quinta-feira): \u00e0s 19h<\/p>\n<p><strong>Atra\u00e7\u00f5es Musicais:<\/strong><\/p>\n<p>17\/8: Pedro Castro, \u00e0s 17h30<br \/>\n18\/8: Gizelly Di Sousa, \u00e0s 17h30<br \/>\n19\/8: Duo Carvalho Braga, \u00e0s 12h30<\/p>\n","protected":false},"excerpt":{"rendered":"<p>Batizada de Vinhedo no Jardim, a feira ser\u00e1 de 17 a 19 de agosto no Conjunto Nacional A popula\u00e7\u00e3o de Bras\u00edlia apreciadora de vinho tem mais um evento para celebrar a bebida. \u00c9 o Vinhedo Urbano que ocorre de 17 a 19 de agosto, das 12h \u00e0s 22h, no Jardim Urbano, no terceiro piso do shopping Conjunto Nacional. A programa\u00e7\u00e3o [&hellip;]<\/p>\n","protected":false},"author":54,"featured_media":5090,"comment_status":"open","ping_status":"open","sticky":false,"template":"","format":"standard","meta":{"footnotes":""},"categories":[222],"tags":[824,837],"class_list":["post-7355","post","type-post","status-publish","format-standard","has-post-thumbnail","hentry","category-vinhos","tag-jardim-urbano","tag-vinhedo-no-jardim"],"_links":{"self":[{"href":"https:\/\/blogs.correiobraziliense.com.br\/lianasabo\/wp-json\/wp\/v2\/posts\/7355","targetHints":{"allow":["GET"]}}],"collection":[{"href":"https:\/\/blogs.correiobraziliense.com.br\/lianasabo\/wp-json\/wp\/v2\/posts"}],"about":[{"href":"https:\/\/blogs.correiobraziliense.com.br\/lianasabo\/wp-json\/wp\/v2\/types\/post"}],"author":[{"embeddable":true,"href":"https:\/\/blogs.correiobraziliense.com.br\/lianasabo\/wp-json\/wp\/v2\/users\/54"}],"replies":[{"embeddable":true,"href":"https:\/\/blogs.correiobraziliense.com.br\/lianasabo\/wp-json\/wp\/v2\/comments?post=7355"}],"version-history":[{"count":1,"href":"https:\/\/blogs.correiobraziliense.com.br\/lianasabo\/wp-json\/wp\/v2\/posts\/7355\/revisions"}],"predecessor-version":[{"id":7356,"href":"https:\/\/blogs.correiobraziliense.com.br\/lianasabo\/wp-json\/wp\/v2\/posts\/7355\/revisions\/7356"}],"wp:featuredmedia":[{"embeddable":true,"href":"https:\/\/blogs.correiobraziliense.com.br\/lianasabo\/wp-json\/wp\/v2\/media\/5090"}],"wp:attachment":[{"href":"https:\/\/blogs.correiobraziliense.com.br\/lianasabo\/wp-json\/wp\/v2\/media?parent=7355"}],"wp:term":[{"taxonomy":"category","embeddable":true,"href":"https:\/\/blogs.correiobraziliense.com.br\/lianasabo\/wp-json\/wp\/v2\/categories?post=7355"},{"taxonomy":"post_tag","embeddable":true,"href":"https:\/\/blogs.correiobraziliense.com.br\/lianasabo\/wp-json\/wp\/v2\/tags?post=7355"}],"curies":[{"name":"wp","href":"https:\/\/api.w.org\/{rel}","templated":true}]}}