{"id":7344,"date":"2023-08-11T06:49:28","date_gmt":"2023-08-11T09:49:28","guid":{"rendered":"https:\/\/blogs.correiobraziliense.com.br\/lianasabo\/?p=7344"},"modified":"2023-08-11T16:03:48","modified_gmt":"2023-08-11T19:03:48","slug":"dia-dos-pais-confira-opcoes-de-presentes-gastronomicos","status":"publish","type":"post","link":"https:\/\/blogs.correiobraziliense.com.br\/lianasabo\/dia-dos-pais-confira-opcoes-de-presentes-gastronomicos\/","title":{"rendered":"Dia dos Pais: Confira op\u00e7\u00f5es de presentes gastron\u00f4micos"},"content":{"rendered":"<p>O meu pai gosta de qu\u00ea? Essa \u00e9 a pergunta que muitos filhos e filhas estiveram se fazendo nos \u00faltimos dias. \u00c0s v\u00e9speras do segundo domingo de agosto, quando se comemora o Dia dos Pais, o blog da Liana traz uma sele\u00e7\u00e3o de dicas para celebrar a data e presentear os patriarcas aproveitando as diferentes del\u00edcias do mundo gastron\u00f4mico.<\/p>\n<p><strong>Azeite<\/strong><\/p>\n<figure id=\"attachment_7345\" aria-describedby=\"caption-attachment-7345\" style=\"width: 234px\" class=\"wp-caption alignleft\"><a href=\"https:\/\/blogs.correiobraziliense.com.br\/lianasabo\/wp-content\/uploads\/sites\/25\/2023\/08\/WhatsApp-Image-2023-08-10-at-19.02.25.jpeg\"><img loading=\"lazy\" decoding=\"async\" class=\"size-medium wp-image-7345\" src=\"https:\/\/blogs.correiobraziliense.com.br\/lianasabo\/wp-content\/uploads\/sites\/25\/2023\/08\/WhatsApp-Image-2023-08-10-at-19.02.25-234x300.jpeg\" alt=\"\" width=\"234\" height=\"300\" srcset=\"https:\/\/blogs.correiobraziliense.com.br\/lianasabo\/wp-content\/uploads\/sites\/25\/2023\/08\/WhatsApp-Image-2023-08-10-at-19.02.25-234x300.jpeg 234w, https:\/\/blogs.correiobraziliense.com.br\/lianasabo\/wp-content\/uploads\/sites\/25\/2023\/08\/WhatsApp-Image-2023-08-10-at-19.02.25-550x706.jpeg 550w, https:\/\/blogs.correiobraziliense.com.br\/lianasabo\/wp-content\/uploads\/sites\/25\/2023\/08\/WhatsApp-Image-2023-08-10-at-19.02.25-230x295.jpeg 230w, https:\/\/blogs.correiobraziliense.com.br\/lianasabo\/wp-content\/uploads\/sites\/25\/2023\/08\/WhatsApp-Image-2023-08-10-at-19.02.25.jpeg 576w\" sizes=\"auto, (max-width: 234px) 100vw, 234px\" \/><\/a><figcaption id=\"caption-attachment-7345\" class=\"wp-caption-text\">Cr\u00e9dito: Eliane Ulhoa\/divulga\u00e7\u00e3o<\/figcaption><\/figure>\n<p>Cultivado, colhido e extra\u00eddo no cora\u00e7\u00e3o do Pampa Ga\u00facho, considerado o melhor terroir do pa\u00eds para a olivicultura, o azeite extravirgem Torrinhas apresenta tr\u00eas vers\u00f5es: Frutado intenso com notas arom\u00e1ticas que v\u00e3o de ma\u00e7\u00e3 verde a grama cortada, de boa fluidez, pode ser usado com carnes e legumes grelhados; Frutado suave com sabor equilibrado real\u00e7ado por notas herb\u00e1ceas, como folhas verdes e banana, vai bem com pratos leves e Picual de sabor fresco e intenso com aromas que remetem a nozes, ervas e frutas verdes, harmoniza com embutidos, queijos curados, carnes condimentadas e bacalhau. Telefone (51) 99748-4526.<\/p>\n<p><strong>Carne<\/strong><\/p>\n<figure id=\"attachment_7350\" aria-describedby=\"caption-attachment-7350\" style=\"width: 800px\" class=\"wp-caption aligncenter\"><a href=\"https:\/\/blogs.correiobraziliense.com.br\/lianasabo\/wp-content\/uploads\/sites\/25\/2023\/08\/WhatsApp-Image-2023-08-10-at-19.04.18.jpeg\"><img loading=\"lazy\" decoding=\"async\" class=\"size-full wp-image-7350\" src=\"https:\/\/blogs.correiobraziliense.com.br\/lianasabo\/wp-content\/uploads\/sites\/25\/2023\/08\/WhatsApp-Image-2023-08-10-at-19.04.18.jpeg\" alt=\"\" width=\"800\" height=\"855\" srcset=\"https:\/\/blogs.correiobraziliense.com.br\/lianasabo\/wp-content\/uploads\/sites\/25\/2023\/08\/WhatsApp-Image-2023-08-10-at-19.04.18.jpeg 800w, https:\/\/blogs.correiobraziliense.com.br\/lianasabo\/wp-content\/uploads\/sites\/25\/2023\/08\/WhatsApp-Image-2023-08-10-at-19.04.18-281x300.jpeg 281w, https:\/\/blogs.correiobraziliense.com.br\/lianasabo\/wp-content\/uploads\/sites\/25\/2023\/08\/WhatsApp-Image-2023-08-10-at-19.04.18-768x821.jpeg 768w, https:\/\/blogs.correiobraziliense.com.br\/lianasabo\/wp-content\/uploads\/sites\/25\/2023\/08\/WhatsApp-Image-2023-08-10-at-19.04.18-550x588.jpeg 550w, https:\/\/blogs.correiobraziliense.com.br\/lianasabo\/wp-content\/uploads\/sites\/25\/2023\/08\/WhatsApp-Image-2023-08-10-at-19.04.18-230x246.jpeg 230w\" sizes=\"auto, (max-width: 800px) 100vw, 800px\" \/><\/a><figcaption id=\"caption-attachment-7350\" class=\"wp-caption-text\">Corte Porterhouse da Fogo de Ch\u00e3o. Cr\u00e9dito: Su Maestri\/Divulga\u00e7\u00e3o<\/figcaption><\/figure>\n<p><strong><br \/>\n<\/strong><br \/>\nEntre os cortes premium o porterhouse \u00e9 considerado o rei dos steaks devido a sucul\u00eancia, maciez e sabor e oferece uma \u00fanica experi\u00eancia ao apresentar dois cortes divididos por um osso em forma de T (semelhante ao T-bone). De um lado, fil\u00e9-mignon extremamente macio, do outro o contrafil\u00e9. Temperado s\u00f3 com sal grosso \u00e9 muito apreciado na regi\u00e3o da Toscana. Porterhouse entrou este m\u00eas no rod\u00edzio da rede Fogo de Ch\u00e3o, mas tamb\u00e9m pode ser pedido individualmente, informa o gerente Eberson Valandro. Telefone: 3322-4666.<\/p>\n<p><strong>Chocolate<\/strong><\/p>\n<figure id=\"attachment_7346\" aria-describedby=\"caption-attachment-7346\" style=\"width: 200px\" class=\"wp-caption alignright\"><a href=\"https:\/\/blogs.correiobraziliense.com.br\/lianasabo\/wp-content\/uploads\/sites\/25\/2023\/08\/WhatsApp-Image-2023-08-10-at-19.03.19.jpeg\"><img loading=\"lazy\" decoding=\"async\" class=\"size-medium wp-image-7346\" src=\"https:\/\/blogs.correiobraziliense.com.br\/lianasabo\/wp-content\/uploads\/sites\/25\/2023\/08\/WhatsApp-Image-2023-08-10-at-19.03.19-200x300.jpeg\" alt=\"\" width=\"200\" height=\"300\" srcset=\"https:\/\/blogs.correiobraziliense.com.br\/lianasabo\/wp-content\/uploads\/sites\/25\/2023\/08\/WhatsApp-Image-2023-08-10-at-19.03.19-200x300.jpeg 200w, https:\/\/blogs.correiobraziliense.com.br\/lianasabo\/wp-content\/uploads\/sites\/25\/2023\/08\/WhatsApp-Image-2023-08-10-at-19.03.19.jpeg 683w, https:\/\/blogs.correiobraziliense.com.br\/lianasabo\/wp-content\/uploads\/sites\/25\/2023\/08\/WhatsApp-Image-2023-08-10-at-19.03.19-550x825.jpeg 550w, https:\/\/blogs.correiobraziliense.com.br\/lianasabo\/wp-content\/uploads\/sites\/25\/2023\/08\/WhatsApp-Image-2023-08-10-at-19.03.19-230x345.jpeg 230w\" sizes=\"auto, (max-width: 200px) 100vw, 200px\" \/><\/a><figcaption id=\"caption-attachment-7346\" class=\"wp-caption-text\">Cr\u00e9dito: Nugali\/Divulga\u00e7\u00e3o<\/figcaption><\/figure>\n<p>Premiada duplamente pelo sabor e qualidade do produto e pela capacidade de reduzir a produ\u00e7\u00e3o de lixo a quase zero, a Nugali localizada em Pomerode, Santa Catarina, batizou de Serra do Conduru \u2013 que leva o nome da madeira de cor vermelha existente no sul da Bahia junto \u00e0 regi\u00e3o cacaueira \u2013 um de seus saborosos chocolates amargos, feito de uma \u00fanica origem, sem gl\u00faten e sem lactose, que agrada paladar adulto com seus 80% de concentra\u00e7\u00e3o de cacau e aroma de notas frutadas e c\u00edtricas.<\/p>\n<p><strong>Sorvete<\/strong><\/p>\n<p>Quem disse que pai n\u00e3o gosta de doce? Pelo contr\u00e1rio, eles amam do\u00e7ura gelada. A dica s\u00e3o as cria\u00e7\u00f5es do gelataio italiano Henrique Consone que h\u00e1 cinco anos serve del\u00edcias em sua Ilgiorno Gelateria (113 Norte, Bloco A, Loja 15).<\/p>\n<figure id=\"attachment_7353\" aria-describedby=\"caption-attachment-7353\" style=\"width: 800px\" class=\"wp-caption aligncenter\"><a href=\"https:\/\/blogs.correiobraziliense.com.br\/lianasabo\/wp-content\/uploads\/sites\/25\/2023\/08\/unnamed-1.jpg\"><img loading=\"lazy\" decoding=\"async\" class=\"size-full wp-image-7353\" src=\"https:\/\/blogs.correiobraziliense.com.br\/lianasabo\/wp-content\/uploads\/sites\/25\/2023\/08\/unnamed-1.jpg\" alt=\"\" width=\"800\" height=\"754\" srcset=\"https:\/\/blogs.correiobraziliense.com.br\/lianasabo\/wp-content\/uploads\/sites\/25\/2023\/08\/unnamed-1.jpg 800w, https:\/\/blogs.correiobraziliense.com.br\/lianasabo\/wp-content\/uploads\/sites\/25\/2023\/08\/unnamed-1-300x283.jpg 300w, https:\/\/blogs.correiobraziliense.com.br\/lianasabo\/wp-content\/uploads\/sites\/25\/2023\/08\/unnamed-1-768x724.jpg 768w, https:\/\/blogs.correiobraziliense.com.br\/lianasabo\/wp-content\/uploads\/sites\/25\/2023\/08\/unnamed-1-550x518.jpg 550w, https:\/\/blogs.correiobraziliense.com.br\/lianasabo\/wp-content\/uploads\/sites\/25\/2023\/08\/unnamed-1-230x217.jpg 230w\" sizes=\"auto, (max-width: 800px) 100vw, 800px\" \/><\/a><figcaption id=\"caption-attachment-7353\" class=\"wp-caption-text\">Pop My Corn. Cr\u00e9dito: Ilgiorno Gelateria\/Divulga\u00e7\u00e3o<\/figcaption><\/figure>\n<p>Como o Petit Gateau Fondant au Chocolat, que ao ser partido, derrama uma avalanche de chocolate ou a Banoffe de musse de banana, com doce de leite argentino, ganache de baunilha e casquinha crocante de chocolate belga. Talvez ele v\u00e1 gostar mais da combina\u00e7\u00e3o entre a do\u00e7ura do gelato com pipocas frescas, que lembram a inf\u00e2ncia, com um toque irresist\u00edvel de caramelo&#8230; salgado. Chama-se Pop my corn. Telefone: 3203-4608.<\/p>\n<p><strong>Vinho<\/strong><\/p>\n<p><a href=\"https:\/\/blogs.correiobraziliense.com.br\/lianasabo\/wp-content\/uploads\/sites\/25\/2023\/08\/vinhos.jpg\"><img loading=\"lazy\" decoding=\"async\" class=\"aligncenter size-full wp-image-7348\" src=\"https:\/\/blogs.correiobraziliense.com.br\/lianasabo\/wp-content\/uploads\/sites\/25\/2023\/08\/vinhos.jpg\" alt=\"\" width=\"300\" height=\"400\" srcset=\"https:\/\/blogs.correiobraziliense.com.br\/lianasabo\/wp-content\/uploads\/sites\/25\/2023\/08\/vinhos.jpg 300w, https:\/\/blogs.correiobraziliense.com.br\/lianasabo\/wp-content\/uploads\/sites\/25\/2023\/08\/vinhos-225x300.jpg 225w, https:\/\/blogs.correiobraziliense.com.br\/lianasabo\/wp-content\/uploads\/sites\/25\/2023\/08\/vinhos-230x307.jpg 230w\" sizes=\"auto, (max-width: 300px) 100vw, 300px\" \/><\/a><\/p>\n<p>Nascida em Curitiba no final dos anos 1990, a Porto a Porto aproveitou a abertura do mercado brasileiro aos produtos importados para trazer vinhos que representam o melhor da tradi\u00e7\u00e3o de seus pa\u00edses. Como o espanhol Marques de Tomares Crianza, da Rioja, com 90% Tempranillo, que vai bem com carnes vermelhas; o argentino Norton D.O. C. Malbec, que harmoniza com massas, al\u00e9m do churrasco, e o portugu\u00eas Marqu\u00eas de Borba Colheita, do Alentejo. Em 2018 a importadora inaugurou representa\u00e7\u00e3o em Bras\u00edlia. Telefone: 3797-6699.<\/p>\n","protected":false},"excerpt":{"rendered":"<p>O meu pai gosta de qu\u00ea? Essa \u00e9 a pergunta que muitos filhos e filhas estiveram se fazendo nos \u00faltimos dias. \u00c0s v\u00e9speras do segundo domingo de agosto, quando se comemora o Dia dos Pais, o blog da Liana traz uma sele\u00e7\u00e3o de dicas para celebrar a data e presentear os patriarcas aproveitando as diferentes del\u00edcias do mundo gastron\u00f4mico. Azeite [&hellip;]<\/p>\n","protected":false},"author":54,"featured_media":7347,"comment_status":"open","ping_status":"open","sticky":false,"template":"","format":"standard","meta":{"footnotes":""},"categories":[326],"tags":[554],"class_list":["post-7344","post","type-post","status-publish","format-standard","has-post-thumbnail","hentry","category-restaurantes","tag-dia-dos-pais"],"_links":{"self":[{"href":"https:\/\/blogs.correiobraziliense.com.br\/lianasabo\/wp-json\/wp\/v2\/posts\/7344","targetHints":{"allow":["GET"]}}],"collection":[{"href":"https:\/\/blogs.correiobraziliense.com.br\/lianasabo\/wp-json\/wp\/v2\/posts"}],"about":[{"href":"https:\/\/blogs.correiobraziliense.com.br\/lianasabo\/wp-json\/wp\/v2\/types\/post"}],"author":[{"embeddable":true,"href":"https:\/\/blogs.correiobraziliense.com.br\/lianasabo\/wp-json\/wp\/v2\/users\/54"}],"replies":[{"embeddable":true,"href":"https:\/\/blogs.correiobraziliense.com.br\/lianasabo\/wp-json\/wp\/v2\/comments?post=7344"}],"version-history":[{"count":3,"href":"https:\/\/blogs.correiobraziliense.com.br\/lianasabo\/wp-json\/wp\/v2\/posts\/7344\/revisions"}],"predecessor-version":[{"id":7354,"href":"https:\/\/blogs.correiobraziliense.com.br\/lianasabo\/wp-json\/wp\/v2\/posts\/7344\/revisions\/7354"}],"wp:featuredmedia":[{"embeddable":true,"href":"https:\/\/blogs.correiobraziliense.com.br\/lianasabo\/wp-json\/wp\/v2\/media\/7347"}],"wp:attachment":[{"href":"https:\/\/blogs.correiobraziliense.com.br\/lianasabo\/wp-json\/wp\/v2\/media?parent=7344"}],"wp:term":[{"taxonomy":"category","embeddable":true,"href":"https:\/\/blogs.correiobraziliense.com.br\/lianasabo\/wp-json\/wp\/v2\/categories?post=7344"},{"taxonomy":"post_tag","embeddable":true,"href":"https:\/\/blogs.correiobraziliense.com.br\/lianasabo\/wp-json\/wp\/v2\/tags?post=7344"}],"curies":[{"name":"wp","href":"https:\/\/api.w.org\/{rel}","templated":true}]}}