{"id":7305,"date":"2023-08-04T06:27:55","date_gmt":"2023-08-04T09:27:55","guid":{"rendered":"https:\/\/blogs.correiobraziliense.com.br\/lianasabo\/?p=7305"},"modified":"2023-08-03T21:35:25","modified_gmt":"2023-08-04T00:35:25","slug":"marcelo-petrarca-aposta-em-cardapio-com-pegada-oriental-no-lago","status":"publish","type":"post","link":"https:\/\/blogs.correiobraziliense.com.br\/lianasabo\/marcelo-petrarca-aposta-em-cardapio-com-pegada-oriental-no-lago\/","title":{"rendered":"Marcelo Petrarca aposta em card\u00e1pio com pegada oriental no Lago"},"content":{"rendered":"<p><em>O lan\u00e7amento do novo menu ser\u00e1 na pr\u00f3xima semana, no dia 8 de agosto (ter\u00e7a-feira)<\/em><\/p>\n<p>Jogar futebol profissionalmente em dois times, cursar gastronomia quando a m\u00e3e queria que fizesse direito, viver experi\u00eancias em cozinhas premiadas da Espanha e da It\u00e1lia e comandar casas sofisticadas em Bras\u00edlia provam que Marcelo Petrarca, de 35 anos, n\u00e3o tem medo de inovar. Ele acaba de lan\u00e7ar no Lago, restaurante que ganhou o nome do endere\u00e7o na QI 5 do Lago Sul, um menu oriental. N\u00e3o que n\u00e3o tivesse enveredado ainda por esse caminho. O Lago j\u00e1 serve fil\u00e9 com acelga chinesa na brasa, arroz de sushi com ovo frito em cima, al\u00e9m do bao, o p\u00e3o chin\u00eas no vapor.<\/p>\n<p>Agora, por\u00e9m, a oferta \u00e9 mais extensa. Estreia ter\u00e7a-feira, dia 8, \u201co card\u00e1pio chin\u00eas que veio para ficar\u201d, promete o chef. Dele fazem parte tempur\u00e1 de milho com p\u00f3 de algas (R$ 28), com o sabor de deliciosas pipocas frescas que voc\u00ea n\u00e3o tem vontade de parar de comer. S\u00e3o cerca de quatro a cinco sugest\u00f5es dif\u00edceis de apontar a melhor. Podem apostar no harumaki de lagosta com molho secreto (R$ 36), que deixa retrogosto bom.<\/p>\n<div id='gallery-1' class='gallery galleryid-7305 gallery-columns-3 gallery-size-full'><figure class='gallery-item'>\n\t\t\t<div class='gallery-icon landscape'>\n\t\t\t\t<a href='https:\/\/blogs.correiobraziliense.com.br\/lianasabo\/marcelo-petrarca-aposta-em-cardapio-com-pegada-oriental-no-lago\/whatsapp-image-2023-08-02-at-23-51-14\/'><img loading=\"lazy\" decoding=\"async\" width=\"800\" height=\"450\" src=\"https:\/\/blogs.correiobraziliense.com.br\/lianasabo\/wp-content\/uploads\/sites\/25\/2023\/08\/WhatsApp-Image-2023-08-02-at-23.51.14.jpeg\" class=\"attachment-full size-full\" alt=\"\" aria-describedby=\"gallery-1-7308\" srcset=\"https:\/\/blogs.correiobraziliense.com.br\/lianasabo\/wp-content\/uploads\/sites\/25\/2023\/08\/WhatsApp-Image-2023-08-02-at-23.51.14.jpeg 800w, https:\/\/blogs.correiobraziliense.com.br\/lianasabo\/wp-content\/uploads\/sites\/25\/2023\/08\/WhatsApp-Image-2023-08-02-at-23.51.14-300x169.jpeg 300w, https:\/\/blogs.correiobraziliense.com.br\/lianasabo\/wp-content\/uploads\/sites\/25\/2023\/08\/WhatsApp-Image-2023-08-02-at-23.51.14-768x432.jpeg 768w, https:\/\/blogs.correiobraziliense.com.br\/lianasabo\/wp-content\/uploads\/sites\/25\/2023\/08\/WhatsApp-Image-2023-08-02-at-23.51.14-550x309.jpeg 550w, https:\/\/blogs.correiobraziliense.com.br\/lianasabo\/wp-content\/uploads\/sites\/25\/2023\/08\/WhatsApp-Image-2023-08-02-at-23.51.14-230x129.jpeg 230w\" sizes=\"auto, (max-width: 800px) 100vw, 800px\" \/><\/a>\n\t\t\t<\/div>\n\t\t\t\t<figcaption class='wp-caption-text gallery-caption' id='gallery-1-7308'>\n\t\t\t\tCamar\u00e3o tempur\u00e1 com fonduta de mel trufado e am\u00eandoas. Cr\u00e9dito: Lago\/ divulga\u00e7\u00e3o\n\t\t\t\t<\/figcaption><\/figure><figure class='gallery-item'>\n\t\t\t<div class='gallery-icon landscape'>\n\t\t\t\t<a href='https:\/\/blogs.correiobraziliense.com.br\/lianasabo\/marcelo-petrarca-aposta-em-cardapio-com-pegada-oriental-no-lago\/whatsapp-image-2023-08-02-at-23-51-14-2\/'><img loading=\"lazy\" decoding=\"async\" width=\"800\" height=\"450\" src=\"https:\/\/blogs.correiobraziliense.com.br\/lianasabo\/wp-content\/uploads\/sites\/25\/2023\/08\/WhatsApp-Image-2023-08-02-at-23.51.14-2.jpeg\" class=\"attachment-full size-full\" alt=\"\" aria-describedby=\"gallery-1-7309\" srcset=\"https:\/\/blogs.correiobraziliense.com.br\/lianasabo\/wp-content\/uploads\/sites\/25\/2023\/08\/WhatsApp-Image-2023-08-02-at-23.51.14-2.jpeg 800w, https:\/\/blogs.correiobraziliense.com.br\/lianasabo\/wp-content\/uploads\/sites\/25\/2023\/08\/WhatsApp-Image-2023-08-02-at-23.51.14-2-300x169.jpeg 300w, https:\/\/blogs.correiobraziliense.com.br\/lianasabo\/wp-content\/uploads\/sites\/25\/2023\/08\/WhatsApp-Image-2023-08-02-at-23.51.14-2-768x432.jpeg 768w, https:\/\/blogs.correiobraziliense.com.br\/lianasabo\/wp-content\/uploads\/sites\/25\/2023\/08\/WhatsApp-Image-2023-08-02-at-23.51.14-2-550x309.jpeg 550w, https:\/\/blogs.correiobraziliense.com.br\/lianasabo\/wp-content\/uploads\/sites\/25\/2023\/08\/WhatsApp-Image-2023-08-02-at-23.51.14-2-230x129.jpeg 230w\" sizes=\"auto, (max-width: 800px) 100vw, 800px\" \/><\/a>\n\t\t\t<\/div>\n\t\t\t\t<figcaption class='wp-caption-text gallery-caption' id='gallery-1-7309'>\n\t\t\t\tCrab Roll com ponzu de lim\u00e3o siciliano. Cr\u00e9dito: Lago\/ divulga\u00e7\u00e3o\n\t\t\t\t<\/figcaption><\/figure><figure class='gallery-item'>\n\t\t\t<div class='gallery-icon landscape'>\n\t\t\t\t<a href='https:\/\/blogs.correiobraziliense.com.br\/lianasabo\/marcelo-petrarca-aposta-em-cardapio-com-pegada-oriental-no-lago\/whatsapp-image-2023-08-02-at-23-51-14-1\/'><img loading=\"lazy\" decoding=\"async\" width=\"800\" height=\"450\" src=\"https:\/\/blogs.correiobraziliense.com.br\/lianasabo\/wp-content\/uploads\/sites\/25\/2023\/08\/WhatsApp-Image-2023-08-02-at-23.51.14-1.jpeg\" class=\"attachment-full size-full\" alt=\"\" aria-describedby=\"gallery-1-7310\" srcset=\"https:\/\/blogs.correiobraziliense.com.br\/lianasabo\/wp-content\/uploads\/sites\/25\/2023\/08\/WhatsApp-Image-2023-08-02-at-23.51.14-1.jpeg 800w, https:\/\/blogs.correiobraziliense.com.br\/lianasabo\/wp-content\/uploads\/sites\/25\/2023\/08\/WhatsApp-Image-2023-08-02-at-23.51.14-1-300x169.jpeg 300w, https:\/\/blogs.correiobraziliense.com.br\/lianasabo\/wp-content\/uploads\/sites\/25\/2023\/08\/WhatsApp-Image-2023-08-02-at-23.51.14-1-768x432.jpeg 768w, https:\/\/blogs.correiobraziliense.com.br\/lianasabo\/wp-content\/uploads\/sites\/25\/2023\/08\/WhatsApp-Image-2023-08-02-at-23.51.14-1-550x309.jpeg 550w, https:\/\/blogs.correiobraziliense.com.br\/lianasabo\/wp-content\/uploads\/sites\/25\/2023\/08\/WhatsApp-Image-2023-08-02-at-23.51.14-1-230x129.jpeg 230w\" sizes=\"auto, (max-width: 800px) 100vw, 800px\" \/><\/a>\n\t\t\t<\/div>\n\t\t\t\t<figcaption class='wp-caption-text gallery-caption' id='gallery-1-7310'>\n\t\t\t\tHarumaki de lagosta com molho secreto. Cr\u00e9dito: Lago\/ divulga\u00e7\u00e3o\n\t\t\t\t<\/figcaption><\/figure><figure class='gallery-item'>\n\t\t\t<div class='gallery-icon landscape'>\n\t\t\t\t<a href='https:\/\/blogs.correiobraziliense.com.br\/lianasabo\/marcelo-petrarca-aposta-em-cardapio-com-pegada-oriental-no-lago\/whatsapp-image-2023-08-02-at-23-51-13\/'><img loading=\"lazy\" decoding=\"async\" width=\"800\" height=\"450\" src=\"https:\/\/blogs.correiobraziliense.com.br\/lianasabo\/wp-content\/uploads\/sites\/25\/2023\/08\/WhatsApp-Image-2023-08-02-at-23.51.13.jpeg\" class=\"attachment-full size-full\" alt=\"\" aria-describedby=\"gallery-1-7311\" srcset=\"https:\/\/blogs.correiobraziliense.com.br\/lianasabo\/wp-content\/uploads\/sites\/25\/2023\/08\/WhatsApp-Image-2023-08-02-at-23.51.13.jpeg 800w, https:\/\/blogs.correiobraziliense.com.br\/lianasabo\/wp-content\/uploads\/sites\/25\/2023\/08\/WhatsApp-Image-2023-08-02-at-23.51.13-300x169.jpeg 300w, https:\/\/blogs.correiobraziliense.com.br\/lianasabo\/wp-content\/uploads\/sites\/25\/2023\/08\/WhatsApp-Image-2023-08-02-at-23.51.13-768x432.jpeg 768w, https:\/\/blogs.correiobraziliense.com.br\/lianasabo\/wp-content\/uploads\/sites\/25\/2023\/08\/WhatsApp-Image-2023-08-02-at-23.51.13-550x309.jpeg 550w, https:\/\/blogs.correiobraziliense.com.br\/lianasabo\/wp-content\/uploads\/sites\/25\/2023\/08\/WhatsApp-Image-2023-08-02-at-23.51.13-230x129.jpeg 230w\" sizes=\"auto, (max-width: 800px) 100vw, 800px\" \/><\/a>\n\t\t\t<\/div>\n\t\t\t\t<figcaption class='wp-caption-text gallery-caption' id='gallery-1-7311'>\n\t\t\t\tTempur\u00e1 de milho com algas. Cr\u00e9dito: Lago\/ divulga\u00e7\u00e3o\n\t\t\t\t<\/figcaption><\/figure>\n\t\t<\/div>\n\n<p><strong>Almo\u00e7o e jantar<\/strong><\/p>\n<p>O prato mais cl\u00e1ssico \u00e9 o tempur\u00e1 de camar\u00e3o, que na concep\u00e7\u00e3o de Petrarca, ganhou a escolta de uma fonduta de mel trufado e am\u00eandoas (R$ 68). Ainda tem caranguejo com a massa feita em rolinho generosamente cobertos de couve frita com ponzu, o molho de lim\u00e3o siciliano acrescido ao shoyo, molho de soja, que \u00e9 o tempero l\u00edquido mais usado na cozinha do Oriente h\u00e1 2500 anos. O crab roll com ponzu de lim\u00e3o siciliano sai por R$ 48. Menu estar\u00e1 dispon\u00edvel no almo\u00e7o e jantar de ter\u00e7a a s\u00e1bado das 12h \u00e0s 0030 e domingo, das 12h \u00e0s 17h. Telefone: 3553-9077.<\/p>\n<figure id=\"attachment_7307\" aria-describedby=\"caption-attachment-7307\" style=\"width: 264px\" class=\"wp-caption alignright\"><a href=\"https:\/\/blogs.correiobraziliense.com.br\/lianasabo\/wp-content\/uploads\/sites\/25\/2023\/08\/WhatsApp-Image-2023-08-02-at-23.51.15.jpeg\"><img loading=\"lazy\" decoding=\"async\" class=\"size-medium wp-image-7307\" src=\"https:\/\/blogs.correiobraziliense.com.br\/lianasabo\/wp-content\/uploads\/sites\/25\/2023\/08\/WhatsApp-Image-2023-08-02-at-23.51.15-264x300.jpeg\" alt=\"\" width=\"264\" height=\"300\" srcset=\"https:\/\/blogs.correiobraziliense.com.br\/lianasabo\/wp-content\/uploads\/sites\/25\/2023\/08\/WhatsApp-Image-2023-08-02-at-23.51.15-264x300.jpeg 264w, https:\/\/blogs.correiobraziliense.com.br\/lianasabo\/wp-content\/uploads\/sites\/25\/2023\/08\/WhatsApp-Image-2023-08-02-at-23.51.15-768x872.jpeg 768w, https:\/\/blogs.correiobraziliense.com.br\/lianasabo\/wp-content\/uploads\/sites\/25\/2023\/08\/WhatsApp-Image-2023-08-02-at-23.51.15.jpeg 800w, https:\/\/blogs.correiobraziliense.com.br\/lianasabo\/wp-content\/uploads\/sites\/25\/2023\/08\/WhatsApp-Image-2023-08-02-at-23.51.15-550x624.jpeg 550w, https:\/\/blogs.correiobraziliense.com.br\/lianasabo\/wp-content\/uploads\/sites\/25\/2023\/08\/WhatsApp-Image-2023-08-02-at-23.51.15-230x261.jpeg 230w\" sizes=\"auto, (max-width: 264px) 100vw, 264px\" \/><\/a><figcaption id=\"caption-attachment-7307\" class=\"wp-caption-text\">Cr\u00e9dito: Lago\/ divulga\u00e7\u00e3o<\/figcaption><\/figure>\n<p><strong>Azeite dos pampas<\/strong><\/p>\n<p>Al\u00e9m de restaurantes, servi\u00e7o de buf\u00ea e comida congelada, o chef nascido no Rio Grande do Sul mant\u00e9m um emp\u00f3rio ao lado do Bloco C, na 111 Sul, onde h\u00e1 diversos produtos assinados por ele, como o Azeite de Oliva Fam\u00edlia Petrarca, que ganhou o r\u00f3tulo com o consentimento dos produtores. Feito com duas esp\u00e9cies de azeitonas &#8212; a arbequina, de origem espanhola e a coratina, variedade italiana &#8211;, o produto extra virgem frutado resulta de um blend entre Brasil e Uruguai, na regi\u00e3o dos pampas. Sai por R$ 59,90 a garrafa de 500ml.<\/p>\n","protected":false},"excerpt":{"rendered":"<p>O lan\u00e7amento do novo menu ser\u00e1 na pr\u00f3xima semana, no dia 8 de agosto (ter\u00e7a-feira) Jogar futebol profissionalmente em dois times, cursar gastronomia quando a m\u00e3e queria que fizesse direito, viver experi\u00eancias em cozinhas premiadas da Espanha e da It\u00e1lia e comandar casas sofisticadas em Bras\u00edlia provam que Marcelo Petrarca, de 35 anos, n\u00e3o tem medo de inovar. Ele acaba [&hellip;]<\/p>\n","protected":false},"author":54,"featured_media":7306,"comment_status":"open","ping_status":"open","sticky":false,"template":"","format":"standard","meta":{"footnotes":""},"categories":[326],"tags":[830,829],"class_list":["post-7305","post","type-post","status-publish","format-standard","has-post-thumbnail","hentry","category-restaurantes","tag-lago","tag-marcelo-petarca"],"_links":{"self":[{"href":"https:\/\/blogs.correiobraziliense.com.br\/lianasabo\/wp-json\/wp\/v2\/posts\/7305","targetHints":{"allow":["GET"]}}],"collection":[{"href":"https:\/\/blogs.correiobraziliense.com.br\/lianasabo\/wp-json\/wp\/v2\/posts"}],"about":[{"href":"https:\/\/blogs.correiobraziliense.com.br\/lianasabo\/wp-json\/wp\/v2\/types\/post"}],"author":[{"embeddable":true,"href":"https:\/\/blogs.correiobraziliense.com.br\/lianasabo\/wp-json\/wp\/v2\/users\/54"}],"replies":[{"embeddable":true,"href":"https:\/\/blogs.correiobraziliense.com.br\/lianasabo\/wp-json\/wp\/v2\/comments?post=7305"}],"version-history":[{"count":1,"href":"https:\/\/blogs.correiobraziliense.com.br\/lianasabo\/wp-json\/wp\/v2\/posts\/7305\/revisions"}],"predecessor-version":[{"id":7313,"href":"https:\/\/blogs.correiobraziliense.com.br\/lianasabo\/wp-json\/wp\/v2\/posts\/7305\/revisions\/7313"}],"wp:featuredmedia":[{"embeddable":true,"href":"https:\/\/blogs.correiobraziliense.com.br\/lianasabo\/wp-json\/wp\/v2\/media\/7306"}],"wp:attachment":[{"href":"https:\/\/blogs.correiobraziliense.com.br\/lianasabo\/wp-json\/wp\/v2\/media?parent=7305"}],"wp:term":[{"taxonomy":"category","embeddable":true,"href":"https:\/\/blogs.correiobraziliense.com.br\/lianasabo\/wp-json\/wp\/v2\/categories?post=7305"},{"taxonomy":"post_tag","embeddable":true,"href":"https:\/\/blogs.correiobraziliense.com.br\/lianasabo\/wp-json\/wp\/v2\/tags?post=7305"}],"curies":[{"name":"wp","href":"https:\/\/api.w.org\/{rel}","templated":true}]}}