{"id":7294,"date":"2023-08-03T10:45:31","date_gmt":"2023-08-03T13:45:31","guid":{"rendered":"https:\/\/blogs.correiobraziliense.com.br\/lianasabo\/?p=7294"},"modified":"2023-08-03T10:45:31","modified_gmt":"2023-08-03T13:45:31","slug":"jardim-urbano-do-conjunto-nacional-recebe-feira-gastronomica","status":"publish","type":"post","link":"https:\/\/blogs.correiobraziliense.com.br\/lianasabo\/jardim-urbano-do-conjunto-nacional-recebe-feira-gastronomica\/","title":{"rendered":"Jardim Urbano do Conjunto Nacional recebe feira gastron\u00f4mica"},"content":{"rendered":"<p><em>Evento come\u00e7ou nesta quinta-feira (3\/8) e segue at\u00e9 s\u00e1bado (5), das 11h \u00e0s 22h, valorizando a produ\u00e7\u00e3o artesanal<\/em><\/p>\n<p>O projeto Jardim Urbano, do Conjunto Nacional, ganhou mais um bra\u00e7o. Depois de apostar na vertente musical, a iniciativa recebe um evento gastron\u00f4mico. \u00c9 a Feira Com Sabor, que foi lan\u00e7ada nesta quinta-feira (3) e segue at\u00e9 s\u00e1bado (5), com programa\u00e7\u00e3o das 11h \u00e0s 22h, no 3\u00ba piso do shopping.<\/p>\n<p>Organizado pela Vitrine Feira Autoral, o festival conta com produtos artesanais, como queijos, doces, temperos e geleias, dispon\u00edveis para comercializa\u00e7\u00e3o. O objetivo \u00e9 valorizar o mercado local e artesanal.<\/p>\n<p><strong>Feira Com Sabor<\/strong><br \/>\nDe 3 a 5 de agosto (quinta a s\u00e1bado), das 11h \u00e0s 22h. No Jardim Urbano do Shopping Conjunto Nacional (3\u00ba piso, acesso pelos elevadores da Torre Vermelha ou escada fixa da Pra\u00e7a de Alimenta\u00e7\u00e3o Sul). Entrada franca.<\/p>\n","protected":false},"excerpt":{"rendered":"<p>Evento come\u00e7ou nesta quinta-feira (3\/8) e segue at\u00e9 s\u00e1bado (5), das 11h \u00e0s 22h, valorizando a produ\u00e7\u00e3o artesanal O projeto Jardim Urbano, do Conjunto Nacional, ganhou mais um bra\u00e7o. Depois de apostar na vertente musical, a iniciativa recebe um evento gastron\u00f4mico. \u00c9 a Feira Com Sabor, que foi lan\u00e7ada nesta quinta-feira (3) e segue at\u00e9 s\u00e1bado (5), com programa\u00e7\u00e3o das [&hellip;]<\/p>\n","protected":false},"author":54,"featured_media":7296,"comment_status":"open","ping_status":"open","sticky":false,"template":"","format":"standard","meta":{"footnotes":""},"categories":[426],"tags":[827,825,826,824],"class_list":["post-7294","post","type-post","status-publish","format-standard","has-post-thumbnail","hentry","category-festival-gastronomico","tag-com-sabor","tag-conjunto-nacional","tag-feira-gastronomica","tag-jardim-urbano"],"_links":{"self":[{"href":"https:\/\/blogs.correiobraziliense.com.br\/lianasabo\/wp-json\/wp\/v2\/posts\/7294","targetHints":{"allow":["GET"]}}],"collection":[{"href":"https:\/\/blogs.correiobraziliense.com.br\/lianasabo\/wp-json\/wp\/v2\/posts"}],"about":[{"href":"https:\/\/blogs.correiobraziliense.com.br\/lianasabo\/wp-json\/wp\/v2\/types\/post"}],"author":[{"embeddable":true,"href":"https:\/\/blogs.correiobraziliense.com.br\/lianasabo\/wp-json\/wp\/v2\/users\/54"}],"replies":[{"embeddable":true,"href":"https:\/\/blogs.correiobraziliense.com.br\/lianasabo\/wp-json\/wp\/v2\/comments?post=7294"}],"version-history":[{"count":1,"href":"https:\/\/blogs.correiobraziliense.com.br\/lianasabo\/wp-json\/wp\/v2\/posts\/7294\/revisions"}],"predecessor-version":[{"id":7295,"href":"https:\/\/blogs.correiobraziliense.com.br\/lianasabo\/wp-json\/wp\/v2\/posts\/7294\/revisions\/7295"}],"wp:featuredmedia":[{"embeddable":true,"href":"https:\/\/blogs.correiobraziliense.com.br\/lianasabo\/wp-json\/wp\/v2\/media\/7296"}],"wp:attachment":[{"href":"https:\/\/blogs.correiobraziliense.com.br\/lianasabo\/wp-json\/wp\/v2\/media?parent=7294"}],"wp:term":[{"taxonomy":"category","embeddable":true,"href":"https:\/\/blogs.correiobraziliense.com.br\/lianasabo\/wp-json\/wp\/v2\/categories?post=7294"},{"taxonomy":"post_tag","embeddable":true,"href":"https:\/\/blogs.correiobraziliense.com.br\/lianasabo\/wp-json\/wp\/v2\/tags?post=7294"}],"curies":[{"name":"wp","href":"https:\/\/api.w.org\/{rel}","templated":true}]}}