{"id":7267,"date":"2023-07-21T07:13:56","date_gmt":"2023-07-21T10:13:56","guid":{"rendered":"https:\/\/blogs.correiobraziliense.com.br\/lianasabo\/?p=7267"},"modified":"2023-07-21T07:13:56","modified_gmt":"2023-07-21T10:13:56","slug":"pontao-do-lago-sul-sera-cenario-de-degustacao-de-vinhos","status":"publish","type":"post","link":"https:\/\/blogs.correiobraziliense.com.br\/lianasabo\/pontao-do-lago-sul-sera-cenario-de-degustacao-de-vinhos\/","title":{"rendered":"Pont\u00e3o do Lago Sul ser\u00e1 cen\u00e1rio de degusta\u00e7\u00e3o de vinhos"},"content":{"rendered":"<p><em>Por R$ 270, os presentes poder\u00e3o apreciar diferentes r\u00f3tulos da bebida<\/em><\/p>\n<p>Izzi Tasting \u00e9 o nome do evento que ter\u00e1 diversas esta\u00e7\u00f5es de vinhos no Izzi Wine Garden, no Pont\u00e3o do Lago Sul. Em sua primeira edi\u00e7\u00e3o, o festival promover\u00e1 uma experi\u00eancia sensorial \u00fanica com r\u00f3tulos de diversos pa\u00edses, estilos e uvas. A programa\u00e7\u00e3o ser\u00e1 das 19h \u00e0 0h.<\/p>\n<p>Em formato all inclusive, o menu inclui as bebidas, finger foods, cl\u00e1ssicos do menu e pizzas em fermenta\u00e7\u00e3o natural. Para animar o p\u00fablico, apresenta\u00e7\u00e3o da banda O Bando e DJs.<\/p>\n<p>Os ingressos est\u00e3o \u00e0 venda ao valor de R$ 270 por pessoa, pelo site <a href=\"https:\/\/www.popingressos.com.br\/evento\/749\/izzi-tasting-\/\">https:\/\/www.popingressos.com.br\/evento\/749\/izzi-tasting-\/<\/a> ou pelo WhatsApp: (61) 99211-5375.<\/p>\n","protected":false},"excerpt":{"rendered":"<p>Por R$ 270, os presentes poder\u00e3o apreciar diferentes r\u00f3tulos da bebida Izzi Tasting \u00e9 o nome do evento que ter\u00e1 diversas esta\u00e7\u00f5es de vinhos no Izzi Wine Garden, no Pont\u00e3o do Lago Sul. Em sua primeira edi\u00e7\u00e3o, o festival promover\u00e1 uma experi\u00eancia sensorial \u00fanica com r\u00f3tulos de diversos pa\u00edses, estilos e uvas. A programa\u00e7\u00e3o ser\u00e1 das 19h \u00e0 0h. Em [&hellip;]<\/p>\n","protected":false},"author":54,"featured_media":7268,"comment_status":"open","ping_status":"open","sticky":false,"template":"","format":"standard","meta":{"footnotes":""},"categories":[222],"tags":[54,818,92],"class_list":["post-7267","post","type-post","status-publish","format-standard","has-post-thumbnail","hentry","category-vinhos","tag-festival","tag-izzi-wine-garden","tag-vinho"],"_links":{"self":[{"href":"https:\/\/blogs.correiobraziliense.com.br\/lianasabo\/wp-json\/wp\/v2\/posts\/7267","targetHints":{"allow":["GET"]}}],"collection":[{"href":"https:\/\/blogs.correiobraziliense.com.br\/lianasabo\/wp-json\/wp\/v2\/posts"}],"about":[{"href":"https:\/\/blogs.correiobraziliense.com.br\/lianasabo\/wp-json\/wp\/v2\/types\/post"}],"author":[{"embeddable":true,"href":"https:\/\/blogs.correiobraziliense.com.br\/lianasabo\/wp-json\/wp\/v2\/users\/54"}],"replies":[{"embeddable":true,"href":"https:\/\/blogs.correiobraziliense.com.br\/lianasabo\/wp-json\/wp\/v2\/comments?post=7267"}],"version-history":[{"count":1,"href":"https:\/\/blogs.correiobraziliense.com.br\/lianasabo\/wp-json\/wp\/v2\/posts\/7267\/revisions"}],"predecessor-version":[{"id":7269,"href":"https:\/\/blogs.correiobraziliense.com.br\/lianasabo\/wp-json\/wp\/v2\/posts\/7267\/revisions\/7269"}],"wp:featuredmedia":[{"embeddable":true,"href":"https:\/\/blogs.correiobraziliense.com.br\/lianasabo\/wp-json\/wp\/v2\/media\/7268"}],"wp:attachment":[{"href":"https:\/\/blogs.correiobraziliense.com.br\/lianasabo\/wp-json\/wp\/v2\/media?parent=7267"}],"wp:term":[{"taxonomy":"category","embeddable":true,"href":"https:\/\/blogs.correiobraziliense.com.br\/lianasabo\/wp-json\/wp\/v2\/categories?post=7267"},{"taxonomy":"post_tag","embeddable":true,"href":"https:\/\/blogs.correiobraziliense.com.br\/lianasabo\/wp-json\/wp\/v2\/tags?post=7267"}],"curies":[{"name":"wp","href":"https:\/\/api.w.org\/{rel}","templated":true}]}}