{"id":7261,"date":"2023-07-21T06:57:33","date_gmt":"2023-07-21T09:57:33","guid":{"rendered":"https:\/\/blogs.correiobraziliense.com.br\/lianasabo\/?p=7261"},"modified":"2023-07-21T06:57:33","modified_gmt":"2023-07-21T09:57:33","slug":"vinho-espanhol-albali-chega-a-brasilia-em-cinco-versoes","status":"publish","type":"post","link":"https:\/\/blogs.correiobraziliense.com.br\/lianasabo\/vinho-espanhol-albali-chega-a-brasilia-em-cinco-versoes\/","title":{"rendered":"Vinho espanhol Albali chega a Bras\u00edlia em cinco vers\u00f5es"},"content":{"rendered":"<p><em>Os r\u00f3tulos estar\u00e3o dispon\u00edveis na adega de atacad\u00e3o da cidade<\/em><\/p>\n<p>Lan\u00e7ado com sucesso na adega do supermercado Dia a Dia, onde teve at\u00e9 dan\u00e7a flamenca, o vinho espanhol Albali traz cinco vers\u00f5es. Al\u00e9m da linha jovem com branco, tinto e ros\u00e9, h\u00e1 o Albali Crianza e o Reserva, top da marca, um varietal de Tempranillo por R$ 59,99 a garrafa. Produzido pela vin\u00edcola familiar Felix Sol\u00eds, constru\u00edda em 1975, na regi\u00e3o de Valdepenas, o Albali, que tem o nome de uma estrela da constela\u00e7\u00e3o de Aqu\u00e1rio, chega ao Brasil pelas m\u00e3os da importadora Cantu, cujo representante em Bras\u00edlia, Tony Sakaguti (foto) comandar\u00e1 mais uma degusta\u00e7\u00e3o na quinta, 27, na adega do Atacad\u00e3o DD em Vicente Pires, das 18h \u00e0s 21h. Telefone: 98119-4526<\/p>\n","protected":false},"excerpt":{"rendered":"<p>Os r\u00f3tulos estar\u00e3o dispon\u00edveis na adega de atacad\u00e3o da cidade Lan\u00e7ado com sucesso na adega do supermercado Dia a Dia, onde teve at\u00e9 dan\u00e7a flamenca, o vinho espanhol Albali traz cinco vers\u00f5es. Al\u00e9m da linha jovem com branco, tinto e ros\u00e9, h\u00e1 o Albali Crianza e o Reserva, top da marca, um varietal de Tempranillo por R$ 59,99 a garrafa. [&hellip;]<\/p>\n","protected":false},"author":54,"featured_media":7262,"comment_status":"open","ping_status":"open","sticky":false,"template":"","format":"standard","meta":{"footnotes":""},"categories":[222],"tags":[681,425],"class_list":["post-7261","post","type-post","status-publish","format-standard","has-post-thumbnail","hentry","category-vinhos","tag-adega","tag-vinhos"],"_links":{"self":[{"href":"https:\/\/blogs.correiobraziliense.com.br\/lianasabo\/wp-json\/wp\/v2\/posts\/7261","targetHints":{"allow":["GET"]}}],"collection":[{"href":"https:\/\/blogs.correiobraziliense.com.br\/lianasabo\/wp-json\/wp\/v2\/posts"}],"about":[{"href":"https:\/\/blogs.correiobraziliense.com.br\/lianasabo\/wp-json\/wp\/v2\/types\/post"}],"author":[{"embeddable":true,"href":"https:\/\/blogs.correiobraziliense.com.br\/lianasabo\/wp-json\/wp\/v2\/users\/54"}],"replies":[{"embeddable":true,"href":"https:\/\/blogs.correiobraziliense.com.br\/lianasabo\/wp-json\/wp\/v2\/comments?post=7261"}],"version-history":[{"count":1,"href":"https:\/\/blogs.correiobraziliense.com.br\/lianasabo\/wp-json\/wp\/v2\/posts\/7261\/revisions"}],"predecessor-version":[{"id":7263,"href":"https:\/\/blogs.correiobraziliense.com.br\/lianasabo\/wp-json\/wp\/v2\/posts\/7261\/revisions\/7263"}],"wp:featuredmedia":[{"embeddable":true,"href":"https:\/\/blogs.correiobraziliense.com.br\/lianasabo\/wp-json\/wp\/v2\/media\/7262"}],"wp:attachment":[{"href":"https:\/\/blogs.correiobraziliense.com.br\/lianasabo\/wp-json\/wp\/v2\/media?parent=7261"}],"wp:term":[{"taxonomy":"category","embeddable":true,"href":"https:\/\/blogs.correiobraziliense.com.br\/lianasabo\/wp-json\/wp\/v2\/categories?post=7261"},{"taxonomy":"post_tag","embeddable":true,"href":"https:\/\/blogs.correiobraziliense.com.br\/lianasabo\/wp-json\/wp\/v2\/tags?post=7261"}],"curies":[{"name":"wp","href":"https:\/\/api.w.org\/{rel}","templated":true}]}}