{"id":726,"date":"2016-11-25T11:00:53","date_gmt":"2016-11-25T13:00:53","guid":{"rendered":"https:\/\/blogs.correiobraziliense.com.br\/lianasabo\/?p=726"},"modified":"2016-11-24T18:51:47","modified_gmt":"2016-11-24T20:51:47","slug":"mercado-gourmet-tem-16-estandes-no-casapark","status":"publish","type":"post","link":"https:\/\/blogs.correiobraziliense.com.br\/lianasabo\/mercado-gourmet-tem-16-estandes-no-casapark\/","title":{"rendered":"Mercado Gourmet tem 16 estandes no CasaPark"},"content":{"rendered":"<p><span style=\"font-family: Utopia,sans-serif\"><span style=\"font-size: small\">A ideia \u00e9 reunir num s\u00f3 local muitos insumos que voc\u00ea usar\u00e1 para preparar a ceia de Natal e as comemora\u00e7\u00f5es festivas desta \u00e9poca do ano. Assim, pela terceira vez, o CasaPark organiza o mercado gourmet, que ocupa 16 estandes instalados na Pra\u00e7a Central. Por tr\u00eas dias no pr\u00f3ximo fim de semana (de 1\u00ba a 3\u00ba de dezembro), ser\u00e3o oferecidos produtos variados como os azeites e flor de sal aromatizados de Dona Osm\u00e1; os quitutes \u00e1rabes de Luisa Nasr; as geleias, manteigas e ervas artesanais de Renata Mandelli; os pudins de Aurum Boutique, os cupcakes, bem-casados e brigadeiros da Damel; os doces artesanais da Caravana da alegria; e os queijos e iogurtes de leite de cabra da Kapra.<\/span><\/span><\/p>\n<p><span style=\"font-family: Utopia,sans-serif\"><span style=\"font-size: small\">Destaque da feira s\u00e3o os produtos su\u00ednos que Leo Hamu prepara em sua fazenda e com eles far\u00e1 na hora delicioso sandu\u00edche. Haver\u00e1 carne e lingui\u00e7a de lata, pa\u00e7oca de carne de sol, al\u00e9m de antepastos de berinjela e azeitonas. Completam a mostra os vinhos do Emp\u00f3rio Lusitano; as cervejas e chopes do Grote Bier; os caf\u00e9s especiais do Sollo Caf\u00e9 e os temperos e utens\u00edlios de Ana Bacana.<\/span><\/span><\/p>\n","protected":false},"excerpt":{"rendered":"<p>A ideia \u00e9 reunir num s\u00f3 local muitos insumos que voc\u00ea usar\u00e1 para preparar a ceia de Natal e as comemora\u00e7\u00f5es festivas desta \u00e9poca do ano. Assim, pela terceira vez, o CasaPark organiza o mercado gourmet, que ocupa 16 estandes instalados na Pra\u00e7a Central. Por tr\u00eas dias no pr\u00f3ximo fim de semana (de 1\u00ba a 3\u00ba de dezembro), ser\u00e3o oferecidos [&hellip;]<\/p>\n","protected":false},"author":54,"featured_media":727,"comment_status":"open","ping_status":"open","sticky":false,"template":"","format":"standard","meta":{"footnotes":""},"categories":[1],"tags":[],"class_list":["post-726","post","type-post","status-publish","format-standard","has-post-thumbnail","hentry","category-sem-categoria"],"_links":{"self":[{"href":"https:\/\/blogs.correiobraziliense.com.br\/lianasabo\/wp-json\/wp\/v2\/posts\/726","targetHints":{"allow":["GET"]}}],"collection":[{"href":"https:\/\/blogs.correiobraziliense.com.br\/lianasabo\/wp-json\/wp\/v2\/posts"}],"about":[{"href":"https:\/\/blogs.correiobraziliense.com.br\/lianasabo\/wp-json\/wp\/v2\/types\/post"}],"author":[{"embeddable":true,"href":"https:\/\/blogs.correiobraziliense.com.br\/lianasabo\/wp-json\/wp\/v2\/users\/54"}],"replies":[{"embeddable":true,"href":"https:\/\/blogs.correiobraziliense.com.br\/lianasabo\/wp-json\/wp\/v2\/comments?post=726"}],"version-history":[{"count":1,"href":"https:\/\/blogs.correiobraziliense.com.br\/lianasabo\/wp-json\/wp\/v2\/posts\/726\/revisions"}],"predecessor-version":[{"id":728,"href":"https:\/\/blogs.correiobraziliense.com.br\/lianasabo\/wp-json\/wp\/v2\/posts\/726\/revisions\/728"}],"wp:featuredmedia":[{"embeddable":true,"href":"https:\/\/blogs.correiobraziliense.com.br\/lianasabo\/wp-json\/wp\/v2\/media\/727"}],"wp:attachment":[{"href":"https:\/\/blogs.correiobraziliense.com.br\/lianasabo\/wp-json\/wp\/v2\/media?parent=726"}],"wp:term":[{"taxonomy":"category","embeddable":true,"href":"https:\/\/blogs.correiobraziliense.com.br\/lianasabo\/wp-json\/wp\/v2\/categories?post=726"},{"taxonomy":"post_tag","embeddable":true,"href":"https:\/\/blogs.correiobraziliense.com.br\/lianasabo\/wp-json\/wp\/v2\/tags?post=726"}],"curies":[{"name":"wp","href":"https:\/\/api.w.org\/{rel}","templated":true}]}}