{"id":7257,"date":"2023-07-21T06:52:12","date_gmt":"2023-07-21T09:52:12","guid":{"rendered":"https:\/\/blogs.correiobraziliense.com.br\/lianasabo\/?p=7257"},"modified":"2023-07-21T06:52:12","modified_gmt":"2023-07-21T09:52:12","slug":"trufas-negras-enriquecem-cardapio-do-venicce-beach","status":"publish","type":"post","link":"https:\/\/blogs.correiobraziliense.com.br\/lianasabo\/trufas-negras-enriquecem-cardapio-do-venicce-beach\/","title":{"rendered":"Trufas negras enriquecem card\u00e1pio do Venicce Beach"},"content":{"rendered":"<p><em>H\u00e1 duas formas de apreciar a iguaria: no menu de seis etapas ou adquirindo a trufa para ser ralada no prato<\/em><\/p>\n<p>Pedro Moreira, um dos mais experientes chefs da cidade que j\u00e1 comandou cozinhas estreladas como a do Zuu de Mara Alcamim, encomendou trufas negras, cobi\u00e7ado ingrediente da alta gastronomia para enriquecer a mesa do complexo Venicce Beach, onde fica seu restaurante Casa Concha, cujo nome se inspira justamente na vizinha Concha Ac\u00fastica. Voc\u00ea tem duas op\u00e7\u00f5es para degustar a iguaria: no menu de seis etapas por R$ 450 ou adquirir a trufa de 10g para ser ralada sobre o prato que escolher por R$ 200.<\/p>\n<p>A primeira op\u00e7\u00e3o come\u00e7a com uma trilogia de entradas: esfera de camar\u00e3o recheada com creme de queijo sobre sopa fria de tomates frescos e crispy de parma sobre a qual o chef rala a trufa na hora; steak tartare sob mil folhas de batata trufada, gema de ovo de codorna e tinta de lula e brusqueta de cogumelos servida com sopa de funghi ma\u00e7aricada.<\/p>\n<figure id=\"attachment_7259\" aria-describedby=\"caption-attachment-7259\" style=\"width: 640px\" class=\"wp-caption aligncenter\"><a href=\"https:\/\/blogs.correiobraziliense.com.br\/lianasabo\/wp-content\/uploads\/sites\/25\/2023\/07\/Fil\u00e9-Wellington-VenicceCeviche-marinado-com-frutas-e-trufas-frescas_Gui-Teixeira-Divulga\u00e7\u00e3o.jpg\"><img loading=\"lazy\" decoding=\"async\" class=\"size-full wp-image-7259\" src=\"https:\/\/blogs.correiobraziliense.com.br\/lianasabo\/wp-content\/uploads\/sites\/25\/2023\/07\/Fil\u00e9-Wellington-VenicceCeviche-marinado-com-frutas-e-trufas-frescas_Gui-Teixeira-Divulga\u00e7\u00e3o.jpg\" alt=\"\" width=\"640\" height=\"480\" srcset=\"https:\/\/blogs.correiobraziliense.com.br\/lianasabo\/wp-content\/uploads\/sites\/25\/2023\/07\/Fil\u00e9-Wellington-VenicceCeviche-marinado-com-frutas-e-trufas-frescas_Gui-Teixeira-Divulga\u00e7\u00e3o.jpg 640w, https:\/\/blogs.correiobraziliense.com.br\/lianasabo\/wp-content\/uploads\/sites\/25\/2023\/07\/Fil\u00e9-Wellington-VenicceCeviche-marinado-com-frutas-e-trufas-frescas_Gui-Teixeira-Divulga\u00e7\u00e3o-300x225.jpg 300w, https:\/\/blogs.correiobraziliense.com.br\/lianasabo\/wp-content\/uploads\/sites\/25\/2023\/07\/Fil\u00e9-Wellington-VenicceCeviche-marinado-com-frutas-e-trufas-frescas_Gui-Teixeira-Divulga\u00e7\u00e3o-550x413.jpg 550w, https:\/\/blogs.correiobraziliense.com.br\/lianasabo\/wp-content\/uploads\/sites\/25\/2023\/07\/Fil\u00e9-Wellington-VenicceCeviche-marinado-com-frutas-e-trufas-frescas_Gui-Teixeira-Divulga\u00e7\u00e3o-230x173.jpg 230w\" sizes=\"auto, (max-width: 640px) 100vw, 640px\" \/><\/a><figcaption id=\"caption-attachment-7259\" class=\"wp-caption-text\">Fil\u00e9 Wellington. Cr\u00e9dito: Gui Teixeira\/Divulga\u00e7\u00e3o<\/figcaption><\/figure>\n<p>Frutos do mar e carne constituem os dois pratos principais que v\u00eam a seguir, como o risoto de vieiras, carpaccio de magret de pato defumado e mela\u00e7o de cana e fil\u00e9 a Wellington, mu\u00e7arela de baroa, finalizado com edame e trufas. Para terminar, duo de musse de chocolate branco e meio amargo com amoras, framboesas e pralin\u00e9 de am\u00eandoas trufados. Harmonizado com r\u00f3tulos da Videira, o delicioso menu pode ser servido \u201ctanto no almo\u00e7o como no jantar e segue at\u00e9 o fim do m\u00eas ou enquanto durar o estoque\u201d, informa o chef. Reservas: 99335-9462.<\/p>\n","protected":false},"excerpt":{"rendered":"<p>H\u00e1 duas formas de apreciar a iguaria: no menu de seis etapas ou adquirindo a trufa para ser ralada no prato Pedro Moreira, um dos mais experientes chefs da cidade que j\u00e1 comandou cozinhas estreladas como a do Zuu de Mara Alcamim, encomendou trufas negras, cobi\u00e7ado ingrediente da alta gastronomia para enriquecer a mesa do complexo Venicce Beach, onde fica [&hellip;]<\/p>\n","protected":false},"author":54,"featured_media":7258,"comment_status":"open","ping_status":"open","sticky":false,"template":"","format":"standard","meta":{"footnotes":""},"categories":[326],"tags":[162,539],"class_list":["post-7257","post","type-post","status-publish","format-standard","has-post-thumbnail","hentry","category-restaurantes","tag-trufas-negras","tag-venicce-beach"],"_links":{"self":[{"href":"https:\/\/blogs.correiobraziliense.com.br\/lianasabo\/wp-json\/wp\/v2\/posts\/7257","targetHints":{"allow":["GET"]}}],"collection":[{"href":"https:\/\/blogs.correiobraziliense.com.br\/lianasabo\/wp-json\/wp\/v2\/posts"}],"about":[{"href":"https:\/\/blogs.correiobraziliense.com.br\/lianasabo\/wp-json\/wp\/v2\/types\/post"}],"author":[{"embeddable":true,"href":"https:\/\/blogs.correiobraziliense.com.br\/lianasabo\/wp-json\/wp\/v2\/users\/54"}],"replies":[{"embeddable":true,"href":"https:\/\/blogs.correiobraziliense.com.br\/lianasabo\/wp-json\/wp\/v2\/comments?post=7257"}],"version-history":[{"count":1,"href":"https:\/\/blogs.correiobraziliense.com.br\/lianasabo\/wp-json\/wp\/v2\/posts\/7257\/revisions"}],"predecessor-version":[{"id":7260,"href":"https:\/\/blogs.correiobraziliense.com.br\/lianasabo\/wp-json\/wp\/v2\/posts\/7257\/revisions\/7260"}],"wp:featuredmedia":[{"embeddable":true,"href":"https:\/\/blogs.correiobraziliense.com.br\/lianasabo\/wp-json\/wp\/v2\/media\/7258"}],"wp:attachment":[{"href":"https:\/\/blogs.correiobraziliense.com.br\/lianasabo\/wp-json\/wp\/v2\/media?parent=7257"}],"wp:term":[{"taxonomy":"category","embeddable":true,"href":"https:\/\/blogs.correiobraziliense.com.br\/lianasabo\/wp-json\/wp\/v2\/categories?post=7257"},{"taxonomy":"post_tag","embeddable":true,"href":"https:\/\/blogs.correiobraziliense.com.br\/lianasabo\/wp-json\/wp\/v2\/tags?post=7257"}],"curies":[{"name":"wp","href":"https:\/\/api.w.org\/{rel}","templated":true}]}}