{"id":7243,"date":"2023-07-14T09:17:33","date_gmt":"2023-07-14T12:17:33","guid":{"rendered":"https:\/\/blogs.correiobraziliense.com.br\/lianasabo\/?p=7243"},"modified":"2023-07-14T09:17:33","modified_gmt":"2023-07-14T12:17:33","slug":"a-garrafeira-recebe-super-feira-de-vinhos","status":"publish","type":"post","link":"https:\/\/blogs.correiobraziliense.com.br\/lianasabo\/a-garrafeira-recebe-super-feira-de-vinhos\/","title":{"rendered":"A Garrafeira recebe super feira de vinhos"},"content":{"rendered":"<p><em>O evento contar\u00e1 com 40 r\u00f3tulos dispon\u00edveis para degusta\u00e7\u00e3o<\/em><\/p>\n<p>Ser\u00e1 na pr\u00f3xima sexta-feira, 21, a super feira de vinhos que Carlos Medeiros promove regularmente em sua A Garrafeira (Bloco A da 215 Sul) com degusta\u00e7\u00e3o de 40 r\u00f3tulos de um total de cem dispon\u00edveis com pre\u00e7o promocional. O primeiro lote de ingressos j\u00e1 est\u00e1 \u00e0 venda por R$ 100, dos quais a metade ser\u00e1 revertida para a compra dos vinhos. Informa\u00e7\u00f5es: 98123-2520.<\/p>\n","protected":false},"excerpt":{"rendered":"<p>O evento contar\u00e1 com 40 r\u00f3tulos dispon\u00edveis para degusta\u00e7\u00e3o Ser\u00e1 na pr\u00f3xima sexta-feira, 21, a super feira de vinhos que Carlos Medeiros promove regularmente em sua A Garrafeira (Bloco A da 215 Sul) com degusta\u00e7\u00e3o de 40 r\u00f3tulos de um total de cem dispon\u00edveis com pre\u00e7o promocional. O primeiro lote de ingressos j\u00e1 est\u00e1 \u00e0 venda por R$ 100, dos [&hellip;]<\/p>\n","protected":false},"author":54,"featured_media":2475,"comment_status":"open","ping_status":"open","sticky":false,"template":"","format":"standard","meta":{"footnotes":""},"categories":[222],"tags":[492,448,92],"class_list":["post-7243","post","type-post","status-publish","format-standard","has-post-thumbnail","hentry","category-vinhos","tag-a-garrafeira","tag-feira","tag-vinho"],"_links":{"self":[{"href":"https:\/\/blogs.correiobraziliense.com.br\/lianasabo\/wp-json\/wp\/v2\/posts\/7243","targetHints":{"allow":["GET"]}}],"collection":[{"href":"https:\/\/blogs.correiobraziliense.com.br\/lianasabo\/wp-json\/wp\/v2\/posts"}],"about":[{"href":"https:\/\/blogs.correiobraziliense.com.br\/lianasabo\/wp-json\/wp\/v2\/types\/post"}],"author":[{"embeddable":true,"href":"https:\/\/blogs.correiobraziliense.com.br\/lianasabo\/wp-json\/wp\/v2\/users\/54"}],"replies":[{"embeddable":true,"href":"https:\/\/blogs.correiobraziliense.com.br\/lianasabo\/wp-json\/wp\/v2\/comments?post=7243"}],"version-history":[{"count":1,"href":"https:\/\/blogs.correiobraziliense.com.br\/lianasabo\/wp-json\/wp\/v2\/posts\/7243\/revisions"}],"predecessor-version":[{"id":7244,"href":"https:\/\/blogs.correiobraziliense.com.br\/lianasabo\/wp-json\/wp\/v2\/posts\/7243\/revisions\/7244"}],"wp:featuredmedia":[{"embeddable":true,"href":"https:\/\/blogs.correiobraziliense.com.br\/lianasabo\/wp-json\/wp\/v2\/media\/2475"}],"wp:attachment":[{"href":"https:\/\/blogs.correiobraziliense.com.br\/lianasabo\/wp-json\/wp\/v2\/media?parent=7243"}],"wp:term":[{"taxonomy":"category","embeddable":true,"href":"https:\/\/blogs.correiobraziliense.com.br\/lianasabo\/wp-json\/wp\/v2\/categories?post=7243"},{"taxonomy":"post_tag","embeddable":true,"href":"https:\/\/blogs.correiobraziliense.com.br\/lianasabo\/wp-json\/wp\/v2\/tags?post=7243"}],"curies":[{"name":"wp","href":"https:\/\/api.w.org\/{rel}","templated":true}]}}