{"id":7225,"date":"2023-07-12T10:57:31","date_gmt":"2023-07-12T13:57:31","guid":{"rendered":"https:\/\/blogs.correiobraziliense.com.br\/lianasabo\/?p=7225"},"modified":"2023-07-12T10:57:31","modified_gmt":"2023-07-12T13:57:31","slug":"ioga-meditacao-e-gastronomia-para-celebrar-o-solsticio-de-inverno-no-aquavit","status":"publish","type":"post","link":"https:\/\/blogs.correiobraziliense.com.br\/lianasabo\/ioga-meditacao-e-gastronomia-para-celebrar-o-solsticio-de-inverno-no-aquavit\/","title":{"rendered":"Ioga, medita\u00e7\u00e3o e gastronomia para celebrar o solst\u00edcio de inverno no Aquavit"},"content":{"rendered":"<p><em>O espa\u00e7o promove o evento no s\u00e1bado (15\/7), \u00e0s 16h<\/em><\/p>\n<p>Conhecido por promover jantares tem\u00e1ticos, o chef dinamarqu\u00eas Simon Lau realiza mais um no pr\u00f3ximo s\u00e1bado (15\/7), a partir das 16h, no espa\u00e7o Aquavit, localizado no Setor de Mans\u00f5es Lago Norte. Dessa vez, a programa\u00e7\u00e3o inclui ioga, medita\u00e7\u00e3o, degusta\u00e7\u00e3o de ch\u00e1s e vinhos e aprecia\u00e7\u00e3o do menu gastron\u00f4mico.<\/p>\n<p>A programa\u00e7\u00e3o come\u00e7a com a degusta\u00e7\u00e3o de ch\u00e1s na horta com a sommelier Ann Basteyns. Em seguida, tem o ioga no terra\u00e7o com o yogi Robson Santos e a medita\u00e7\u00e3o no deck do lago. O jantar est\u00e1 previsto para as 19h.<\/p>\n<p>No menu ser\u00e3o servidos mel\u00f5es, queijo de cabra e manjerona; alho por\u00f3, gengibre do Cerrado, gergelim Kalunga e miso; mangarito do Ant\u00f4nio, manteiga Noisette, lim\u00e3o cravo, castanha de pequi defumado a frio; sorbet de pimenta rosa; porto bello, pur\u00e9 de c\u00farcuma da horta, ora pro nobis; e frutas vermelhas locais, leite de coco fresco, baunilha pompona de goi\u00e1s velho, petit four de coco. O card\u00e1pio conta com harmoniza\u00e7\u00e3o com vinhos do sommelier Bertil T\u00f8ttenborg.<\/p>\n<p>Ingressos a R$ 395 (sem vinho) e R$ 495 (com vinho). Reservas pelo telefone 99994-9646.<\/p>\n<p><strong>Confira a programa\u00e7\u00e3o<\/strong><\/p>\n<p>16h \u00e0s 16h45 &#8211; Degusta\u00e7\u00e3o de ch\u00e1s na horta com a sommelier de ch\u00e1 Ann Basteyns<br \/>\n17h \u00e0s 18h &#8211; Ioga no terra\u00e7o da piscina com o yogi Robson Santos<br \/>\n18h \u00e0s 18h30 &#8211; Medita\u00e7\u00e3o no deck do lago na \u201chora vermelha\u201d<br \/>\n18h30 \u00e0s 19h &#8211; Intervalo para banho \/ troca de roupa<br \/>\n19h &#8211; Jantar na varanda com vinhos naturais e sucos<\/p>\n","protected":false},"excerpt":{"rendered":"<p>O espa\u00e7o promove o evento no s\u00e1bado (15\/7), \u00e0s 16h Conhecido por promover jantares tem\u00e1ticos, o chef dinamarqu\u00eas Simon Lau realiza mais um no pr\u00f3ximo s\u00e1bado (15\/7), a partir das 16h, no espa\u00e7o Aquavit, localizado no Setor de Mans\u00f5es Lago Norte. Dessa vez, a programa\u00e7\u00e3o inclui ioga, medita\u00e7\u00e3o, degusta\u00e7\u00e3o de ch\u00e1s e vinhos e aprecia\u00e7\u00e3o do menu gastron\u00f4mico. A programa\u00e7\u00e3o [&hellip;]<\/p>\n","protected":false},"author":54,"featured_media":2766,"comment_status":"open","ping_status":"open","sticky":false,"template":"","format":"standard","meta":{"footnotes":""},"categories":[486],"tags":[224,119],"class_list":["post-7225","post","type-post","status-publish","format-standard","has-post-thumbnail","hentry","category-evento","tag-aquavit","tag-simon-lau"],"_links":{"self":[{"href":"https:\/\/blogs.correiobraziliense.com.br\/lianasabo\/wp-json\/wp\/v2\/posts\/7225","targetHints":{"allow":["GET"]}}],"collection":[{"href":"https:\/\/blogs.correiobraziliense.com.br\/lianasabo\/wp-json\/wp\/v2\/posts"}],"about":[{"href":"https:\/\/blogs.correiobraziliense.com.br\/lianasabo\/wp-json\/wp\/v2\/types\/post"}],"author":[{"embeddable":true,"href":"https:\/\/blogs.correiobraziliense.com.br\/lianasabo\/wp-json\/wp\/v2\/users\/54"}],"replies":[{"embeddable":true,"href":"https:\/\/blogs.correiobraziliense.com.br\/lianasabo\/wp-json\/wp\/v2\/comments?post=7225"}],"version-history":[{"count":1,"href":"https:\/\/blogs.correiobraziliense.com.br\/lianasabo\/wp-json\/wp\/v2\/posts\/7225\/revisions"}],"predecessor-version":[{"id":7226,"href":"https:\/\/blogs.correiobraziliense.com.br\/lianasabo\/wp-json\/wp\/v2\/posts\/7225\/revisions\/7226"}],"wp:featuredmedia":[{"embeddable":true,"href":"https:\/\/blogs.correiobraziliense.com.br\/lianasabo\/wp-json\/wp\/v2\/media\/2766"}],"wp:attachment":[{"href":"https:\/\/blogs.correiobraziliense.com.br\/lianasabo\/wp-json\/wp\/v2\/media?parent=7225"}],"wp:term":[{"taxonomy":"category","embeddable":true,"href":"https:\/\/blogs.correiobraziliense.com.br\/lianasabo\/wp-json\/wp\/v2\/categories?post=7225"},{"taxonomy":"post_tag","embeddable":true,"href":"https:\/\/blogs.correiobraziliense.com.br\/lianasabo\/wp-json\/wp\/v2\/tags?post=7225"}],"curies":[{"name":"wp","href":"https:\/\/api.w.org\/{rel}","templated":true}]}}