{"id":7217,"date":"2023-07-07T08:19:03","date_gmt":"2023-07-07T11:19:03","guid":{"rendered":"https:\/\/blogs.correiobraziliense.com.br\/lianasabo\/?p=7217"},"modified":"2023-07-07T08:20:22","modified_gmt":"2023-07-07T11:20:22","slug":"wine-farm-tera-primeira-edicao-em-22-de-julho","status":"publish","type":"post","link":"https:\/\/blogs.correiobraziliense.com.br\/lianasabo\/wine-farm-tera-primeira-edicao-em-22-de-julho\/","title":{"rendered":"Wine &amp; Farm ter\u00e1 primeira edi\u00e7\u00e3o em 22 de julho"},"content":{"rendered":"<p><em>O evento contar\u00e1 com seis horas de degusta\u00e7\u00e3o de vinhos<\/em><\/p>\n<p>Uma fazendinha, como planejou o advogado, dubl\u00ea de empres\u00e1rio, Raul Canal no espa\u00e7o arrendado ao Rotary Club de Bras\u00edlia, para instalar a Costelaria Ga\u00facha, pr\u00f3ximo \u00e0 Ponte JK, que passou a se chamar Small Farm. \u00c9 nela que estreia dia 22 o evento Wine &amp; Farm destinado a degusta\u00e7\u00e3o por seis horas seguidas: das 17h \u00e0s 23h.<\/p>\n<p>O diferencial ser\u00e1 o servi\u00e7o do vinho em duas dosagens, 75ml e 100 ml, correspondentes a quatro categorias de pre\u00e7os, que v\u00e3o de R$ 7 a R$ 15. No buf\u00ea, a casa oferecer\u00e1 petiscos, como burrata, carpaccio, queijos e frios diversos e, \u00e9 claro, costela assada que tamb\u00e9m pode vir no recheio do pastel ou na massa do croquete. At\u00e9 ter\u00e7a-feira, o ingresso custa R$ 25. Confira no <a href=\"https:\/\/www.sympla.com.br\/evento\/wine-farm\/2046729?_gl=1*1rze43o*_ga*NzY0MDg5MzMxLjE2ODc2MTU1MTg.*_ga_KXH10SQTZF*MTY4NzYxNTUxOC4xLjEuMTY4NzYxODY2Mi4wLjAuMA\">Sympla<\/a>.<\/p>\n","protected":false},"excerpt":{"rendered":"<p>O evento contar\u00e1 com seis horas de degusta\u00e7\u00e3o de vinhos Uma fazendinha, como planejou o advogado, dubl\u00ea de empres\u00e1rio, Raul Canal no espa\u00e7o arrendado ao Rotary Club de Bras\u00edlia, para instalar a Costelaria Ga\u00facha, pr\u00f3ximo \u00e0 Ponte JK, que passou a se chamar Small Farm. \u00c9 nela que estreia dia 22 o evento Wine &amp; Farm destinado a degusta\u00e7\u00e3o por [&hellip;]<\/p>\n","protected":false},"author":54,"featured_media":7218,"comment_status":"open","ping_status":"open","sticky":false,"template":"","format":"standard","meta":{"footnotes":""},"categories":[222],"tags":[92,810],"class_list":["post-7217","post","type-post","status-publish","format-standard","has-post-thumbnail","hentry","category-vinhos","tag-vinho","tag-wine-farm"],"_links":{"self":[{"href":"https:\/\/blogs.correiobraziliense.com.br\/lianasabo\/wp-json\/wp\/v2\/posts\/7217","targetHints":{"allow":["GET"]}}],"collection":[{"href":"https:\/\/blogs.correiobraziliense.com.br\/lianasabo\/wp-json\/wp\/v2\/posts"}],"about":[{"href":"https:\/\/blogs.correiobraziliense.com.br\/lianasabo\/wp-json\/wp\/v2\/types\/post"}],"author":[{"embeddable":true,"href":"https:\/\/blogs.correiobraziliense.com.br\/lianasabo\/wp-json\/wp\/v2\/users\/54"}],"replies":[{"embeddable":true,"href":"https:\/\/blogs.correiobraziliense.com.br\/lianasabo\/wp-json\/wp\/v2\/comments?post=7217"}],"version-history":[{"count":1,"href":"https:\/\/blogs.correiobraziliense.com.br\/lianasabo\/wp-json\/wp\/v2\/posts\/7217\/revisions"}],"predecessor-version":[{"id":7219,"href":"https:\/\/blogs.correiobraziliense.com.br\/lianasabo\/wp-json\/wp\/v2\/posts\/7217\/revisions\/7219"}],"wp:featuredmedia":[{"embeddable":true,"href":"https:\/\/blogs.correiobraziliense.com.br\/lianasabo\/wp-json\/wp\/v2\/media\/7218"}],"wp:attachment":[{"href":"https:\/\/blogs.correiobraziliense.com.br\/lianasabo\/wp-json\/wp\/v2\/media?parent=7217"}],"wp:term":[{"taxonomy":"category","embeddable":true,"href":"https:\/\/blogs.correiobraziliense.com.br\/lianasabo\/wp-json\/wp\/v2\/categories?post=7217"},{"taxonomy":"post_tag","embeddable":true,"href":"https:\/\/blogs.correiobraziliense.com.br\/lianasabo\/wp-json\/wp\/v2\/tags?post=7217"}],"curies":[{"name":"wp","href":"https:\/\/api.w.org\/{rel}","templated":true}]}}