{"id":7212,"date":"2023-07-07T08:13:23","date_gmt":"2023-07-07T11:13:23","guid":{"rendered":"https:\/\/blogs.correiobraziliense.com.br\/lianasabo\/?p=7212"},"modified":"2023-07-07T08:14:59","modified_gmt":"2023-07-07T11:14:59","slug":"festival-do-bacalhau-de-volta-as-unidades-do-restaurante-dom-francisco","status":"publish","type":"post","link":"https:\/\/blogs.correiobraziliense.com.br\/lianasabo\/festival-do-bacalhau-de-volta-as-unidades-do-restaurante-dom-francisco\/","title":{"rendered":"Festival do bacalhau de volta as unidades do restaurante Dom Francisco"},"content":{"rendered":"<figure id=\"attachment_7214\" aria-describedby=\"caption-attachment-7214\" style=\"width: 169px\" class=\"wp-caption alignright\"><a href=\"https:\/\/blogs.correiobraziliense.com.br\/lianasabo\/wp-content\/uploads\/sites\/25\/2023\/07\/Bacalhau-\u00e0-nossa-moda.png\"><img loading=\"lazy\" decoding=\"async\" class=\"size-medium wp-image-7214\" src=\"https:\/\/blogs.correiobraziliense.com.br\/lianasabo\/wp-content\/uploads\/sites\/25\/2023\/07\/Bacalhau-\u00e0-nossa-moda-169x300.png\" alt=\"\" width=\"169\" height=\"300\" srcset=\"https:\/\/blogs.correiobraziliense.com.br\/lianasabo\/wp-content\/uploads\/sites\/25\/2023\/07\/Bacalhau-\u00e0-nossa-moda-169x300.png 169w, https:\/\/blogs.correiobraziliense.com.br\/lianasabo\/wp-content\/uploads\/sites\/25\/2023\/07\/Bacalhau-\u00e0-nossa-moda-768x1365.png 768w, https:\/\/blogs.correiobraziliense.com.br\/lianasabo\/wp-content\/uploads\/sites\/25\/2023\/07\/Bacalhau-\u00e0-nossa-moda-576x1024.png 576w, https:\/\/blogs.correiobraziliense.com.br\/lianasabo\/wp-content\/uploads\/sites\/25\/2023\/07\/Bacalhau-\u00e0-nossa-moda.png 800w, https:\/\/blogs.correiobraziliense.com.br\/lianasabo\/wp-content\/uploads\/sites\/25\/2023\/07\/Bacalhau-\u00e0-nossa-moda-550x978.png 550w, https:\/\/blogs.correiobraziliense.com.br\/lianasabo\/wp-content\/uploads\/sites\/25\/2023\/07\/Bacalhau-\u00e0-nossa-moda-230x409.png 230w\" sizes=\"auto, (max-width: 169px) 100vw, 169px\" \/><\/a><figcaption id=\"caption-attachment-7214\" class=\"wp-caption-text\">Cr\u00e9dito: Pedro Marques\/Divulga\u00e7\u00e3o<\/figcaption><\/figure>\n<p><em>A programa\u00e7\u00e3o segue at\u00e9 12 de agosto nos estabelecimentos valorizando o peixe noruegu\u00eas e suas diversas receitas<\/em><\/p>\n<p>Est\u00e1 de volta o festival do bacalhau nas duas unidades da grife Dom Francisco (402 Sul e Asbac) com o objetivo de comemorar este m\u00eas os 35 anos da marca justamente com a mais saborosa atra\u00e7\u00e3o, que \u00e9 o peixe noruegu\u00eas preparado de diversas formas.<\/p>\n<p>Desfiada, aromatizada e com natas a mat\u00e9ria prima acaba de ganhar pelas m\u00e3os do chef Francisco Ansiliero a quarta op\u00e7\u00e3o batizada de bacalhau \u00e0 nossa moda. Com cebola, batata, bacon e banana da terra, pode vir escoltada de arroz branco ou com br\u00f3colis.<\/p>\n<p>Todos os pratos saem por R$ 149 e servem duas pessoas. O festival, que vai at\u00e9 12 de agosto, acontece \u00e0 noite. Reservas: 3224-1634 (402 Sul) e 3226-2005 (Asbac)<\/p>\n","protected":false},"excerpt":{"rendered":"<p>A programa\u00e7\u00e3o segue at\u00e9 12 de agosto nos estabelecimentos valorizando o peixe noruegu\u00eas e suas diversas receitas Est\u00e1 de volta o festival do bacalhau nas duas unidades da grife Dom Francisco (402 Sul e Asbac) com o objetivo de comemorar este m\u00eas os 35 anos da marca justamente com a mais saborosa atra\u00e7\u00e3o, que \u00e9 o peixe noruegu\u00eas preparado de [&hellip;]<\/p>\n","protected":false},"author":54,"featured_media":7213,"comment_status":"open","ping_status":"open","sticky":false,"template":"","format":"standard","meta":{"footnotes":""},"categories":[201],"tags":[435,480,54],"class_list":["post-7212","post","type-post","status-publish","format-standard","has-post-thumbnail","hentry","category-festival","tag-bacalhau","tag-dom-francisco","tag-festival"],"_links":{"self":[{"href":"https:\/\/blogs.correiobraziliense.com.br\/lianasabo\/wp-json\/wp\/v2\/posts\/7212","targetHints":{"allow":["GET"]}}],"collection":[{"href":"https:\/\/blogs.correiobraziliense.com.br\/lianasabo\/wp-json\/wp\/v2\/posts"}],"about":[{"href":"https:\/\/blogs.correiobraziliense.com.br\/lianasabo\/wp-json\/wp\/v2\/types\/post"}],"author":[{"embeddable":true,"href":"https:\/\/blogs.correiobraziliense.com.br\/lianasabo\/wp-json\/wp\/v2\/users\/54"}],"replies":[{"embeddable":true,"href":"https:\/\/blogs.correiobraziliense.com.br\/lianasabo\/wp-json\/wp\/v2\/comments?post=7212"}],"version-history":[{"count":2,"href":"https:\/\/blogs.correiobraziliense.com.br\/lianasabo\/wp-json\/wp\/v2\/posts\/7212\/revisions"}],"predecessor-version":[{"id":7216,"href":"https:\/\/blogs.correiobraziliense.com.br\/lianasabo\/wp-json\/wp\/v2\/posts\/7212\/revisions\/7216"}],"wp:featuredmedia":[{"embeddable":true,"href":"https:\/\/blogs.correiobraziliense.com.br\/lianasabo\/wp-json\/wp\/v2\/media\/7213"}],"wp:attachment":[{"href":"https:\/\/blogs.correiobraziliense.com.br\/lianasabo\/wp-json\/wp\/v2\/media?parent=7212"}],"wp:term":[{"taxonomy":"category","embeddable":true,"href":"https:\/\/blogs.correiobraziliense.com.br\/lianasabo\/wp-json\/wp\/v2\/categories?post=7212"},{"taxonomy":"post_tag","embeddable":true,"href":"https:\/\/blogs.correiobraziliense.com.br\/lianasabo\/wp-json\/wp\/v2\/tags?post=7212"}],"curies":[{"name":"wp","href":"https:\/\/api.w.org\/{rel}","templated":true}]}}