{"id":7208,"date":"2023-07-07T08:09:57","date_gmt":"2023-07-07T11:09:57","guid":{"rendered":"https:\/\/blogs.correiobraziliense.com.br\/lianasabo\/?p=7208"},"modified":"2023-07-07T08:09:57","modified_gmt":"2023-07-07T11:09:57","slug":"marcos-espinoza-prepara-menu-especial-para-projeto-da-belini-paes-e-gastronomia","status":"publish","type":"post","link":"https:\/\/blogs.correiobraziliense.com.br\/lianasabo\/marcos-espinoza-prepara-menu-especial-para-projeto-da-belini-paes-e-gastronomia\/","title":{"rendered":"Marcos Espinoza prepara menu especial para projeto da Belini P\u00e3es e Gastronomia"},"content":{"rendered":"<p><em>O chef do Tayp\u00e1 participa da iniciativa intitulada Belini Jazz que ocorre \u00e0s quintas e sextas-feiras, das 19h \u00e0s 22h<\/em><\/p>\n<p>Na Belini P\u00e3es e Gastronomia (113 Sul) andam sempre de m\u00e3os dadas todas quintas e sextas-feiras, das 19h \u00e0s 22h, quando se apresenta um grupo de jazz, enquanto rola um menu especial assinado este m\u00eas pelo chef peruano Marcos Espinoza, do Tayp\u00e1, que contempla diversas op\u00e7\u00f5es at\u00e9 na entrada.<\/p>\n<p>Croquete de pato com molho oriental e maionese e pasta de homus ao toque de azeite e molho pesto com p\u00e3o \u00e1rabe (ambos por 39,90); tartar de salm\u00e3o e avocado com molho teriyaki e lascas de corniccione da casa e mini hamburguer de cordeiro com cebolas caramelizadas e bacon (R$ 49,90 cada).<\/p>\n<p>Entre os principais h\u00e1 camar\u00e3o trufado com cogumelos acompanhado de tagliolini (R$ 87,90) e fil\u00e9-mignon com ervas e cogumelos escoltado de pur\u00ea de batata (R$ 89,90). Chamado Belini Jazz o projeto, que a cada m\u00eas convida um chef da cidade, entra em seu terceiro ano consecutivo. Reservas: 3345-0777 (whatsapp)<\/p>\n","protected":false},"excerpt":{"rendered":"<p>O chef do Tayp\u00e1 participa da iniciativa intitulada Belini Jazz que ocorre \u00e0s quintas e sextas-feiras, das 19h \u00e0s 22h Na Belini P\u00e3es e Gastronomia (113 Sul) andam sempre de m\u00e3os dadas todas quintas e sextas-feiras, das 19h \u00e0s 22h, quando se apresenta um grupo de jazz, enquanto rola um menu especial assinado este m\u00eas pelo chef peruano Marcos Espinoza, [&hellip;]<\/p>\n","protected":false},"author":54,"featured_media":6127,"comment_status":"open","ping_status":"open","sticky":false,"template":"","format":"standard","meta":{"footnotes":""},"categories":[326],"tags":[],"class_list":["post-7208","post","type-post","status-publish","format-standard","has-post-thumbnail","hentry","category-restaurantes"],"_links":{"self":[{"href":"https:\/\/blogs.correiobraziliense.com.br\/lianasabo\/wp-json\/wp\/v2\/posts\/7208","targetHints":{"allow":["GET"]}}],"collection":[{"href":"https:\/\/blogs.correiobraziliense.com.br\/lianasabo\/wp-json\/wp\/v2\/posts"}],"about":[{"href":"https:\/\/blogs.correiobraziliense.com.br\/lianasabo\/wp-json\/wp\/v2\/types\/post"}],"author":[{"embeddable":true,"href":"https:\/\/blogs.correiobraziliense.com.br\/lianasabo\/wp-json\/wp\/v2\/users\/54"}],"replies":[{"embeddable":true,"href":"https:\/\/blogs.correiobraziliense.com.br\/lianasabo\/wp-json\/wp\/v2\/comments?post=7208"}],"version-history":[{"count":3,"href":"https:\/\/blogs.correiobraziliense.com.br\/lianasabo\/wp-json\/wp\/v2\/posts\/7208\/revisions"}],"predecessor-version":[{"id":7211,"href":"https:\/\/blogs.correiobraziliense.com.br\/lianasabo\/wp-json\/wp\/v2\/posts\/7208\/revisions\/7211"}],"wp:featuredmedia":[{"embeddable":true,"href":"https:\/\/blogs.correiobraziliense.com.br\/lianasabo\/wp-json\/wp\/v2\/media\/6127"}],"wp:attachment":[{"href":"https:\/\/blogs.correiobraziliense.com.br\/lianasabo\/wp-json\/wp\/v2\/media?parent=7208"}],"wp:term":[{"taxonomy":"category","embeddable":true,"href":"https:\/\/blogs.correiobraziliense.com.br\/lianasabo\/wp-json\/wp\/v2\/categories?post=7208"},{"taxonomy":"post_tag","embeddable":true,"href":"https:\/\/blogs.correiobraziliense.com.br\/lianasabo\/wp-json\/wp\/v2\/tags?post=7208"}],"curies":[{"name":"wp","href":"https:\/\/api.w.org\/{rel}","templated":true}]}}