{"id":719,"date":"2016-11-25T09:00:03","date_gmt":"2016-11-25T11:00:03","guid":{"rendered":"https:\/\/blogs.correiobraziliense.com.br\/lianasabo\/?p=719"},"modified":"2016-11-24T18:46:21","modified_gmt":"2016-11-24T20:46:21","slug":"boa-acao-jantar-italiano-vai-ajudar-vitimas","status":"publish","type":"post","link":"https:\/\/blogs.correiobraziliense.com.br\/lianasabo\/boa-acao-jantar-italiano-vai-ajudar-vitimas\/","title":{"rendered":"Boa a\u00e7\u00e3o: Jantar italiano vai ajudar v\u00edtimas de terremoto de Amatrice"},"content":{"rendered":"<p><span style=\"font-family: Utopia,sans-serif\"><span style=\"font-size: small\">Ainda sensibilizados com os tremores de terra que provocaram mais de 200 mortes na It\u00e1lia, oito chefs de origem italiana, que atuam na cidade, se mobilizaram para ajudar as v\u00edtimas desabrigadas, especialmente em Amatrice, centro do pa\u00eds, onde o terremoto causou mais danos. O aux\u00edlio ser\u00e1 arrecadado durante jantar que eles protagonizar\u00e3o no dia 7 de dezembro, quarta-feira, no Iate Clube de Bras\u00edlia, por R$ 150, com direito a bebidas.<\/span><\/span><\/p>\n<p><span style=\"font-family: Utopia,sans-serif\"><span style=\"font-size: small\">A estrela do menu \u00e9 mesmo o prato que tornou famosa a cidade: spaguetti all\u00b4amatriciana, feito com o molho \u00e0 base de tomate, pimenta vermelha e carne de porco (<i>guanciale ou pancetta<\/i>). Participam da execu\u00e7\u00e3o os chefs Alessandro Benedetti e Giuseppe Modaferri (Hostaria dei Sapori); Francesco Bravin (Vittoria D`Italia); Michel Casalino e Gustavo Blasetti (Il Basilico); Milton Figueroa (Cinque Terre); Alessandro Cossu (Il Pandrino) e Ville Della Penna (Piccolo Emporium).<\/span><\/span><\/p>\n<h3><span style=\"font-family: Utopia,sans-serif\"><span style=\"font-size: small\">Doces t\u00edpicos<\/span><\/span><\/h3>\n<p><span style=\"font-family: Utopia,sans-serif\"><span style=\"font-size: small\">Tendo como nome Bella It\u00e1lia Per Amatrice, a noitada ainda oferece m\u00fasica e exposi\u00e7\u00e3o de moto e carros italianos, j\u00e1 que o jantar \u00e9 uma iniciativa da associa\u00e7\u00e3o rec\u00e9m-formada Circolo Amici di Italia, com o objetivo de difundir a cultura, m\u00fasica, arte e culin\u00e1ria da bota. Antepastos, como crostini de berinjela, frios, saladinhas e mu\u00e7arela italiana dar\u00e3o in\u00edcio ao festim regado com Prosecco, Apperol e o drinque Apperol Spritz. O prato ic\u00f4nico de Amatrice domina o jantar que se encerra com as sobremesas tradicionais panna cotta, cannolli e tiramis\u00f9, al\u00e9m do caf\u00e9 Illy. Reservas pelos telefones: 3797-9601\/ 99380-2161.<\/span><\/span><\/p>\n","protected":false},"excerpt":{"rendered":"<p>Ainda sensibilizados com os tremores de terra que provocaram mais de 200 mortes na It\u00e1lia, oito chefs de origem italiana, que atuam na cidade, se mobilizaram para ajudar as v\u00edtimas desabrigadas, especialmente em Amatrice, centro do pa\u00eds, onde o terremoto causou mais danos. O aux\u00edlio ser\u00e1 arrecadado durante jantar que eles protagonizar\u00e3o no dia 7 de dezembro, quarta-feira, no Iate [&hellip;]<\/p>\n","protected":false},"author":54,"featured_media":720,"comment_status":"open","ping_status":"open","sticky":false,"template":"","format":"standard","meta":{"footnotes":""},"categories":[1],"tags":[],"class_list":["post-719","post","type-post","status-publish","format-standard","has-post-thumbnail","hentry","category-sem-categoria"],"_links":{"self":[{"href":"https:\/\/blogs.correiobraziliense.com.br\/lianasabo\/wp-json\/wp\/v2\/posts\/719","targetHints":{"allow":["GET"]}}],"collection":[{"href":"https:\/\/blogs.correiobraziliense.com.br\/lianasabo\/wp-json\/wp\/v2\/posts"}],"about":[{"href":"https:\/\/blogs.correiobraziliense.com.br\/lianasabo\/wp-json\/wp\/v2\/types\/post"}],"author":[{"embeddable":true,"href":"https:\/\/blogs.correiobraziliense.com.br\/lianasabo\/wp-json\/wp\/v2\/users\/54"}],"replies":[{"embeddable":true,"href":"https:\/\/blogs.correiobraziliense.com.br\/lianasabo\/wp-json\/wp\/v2\/comments?post=719"}],"version-history":[{"count":2,"href":"https:\/\/blogs.correiobraziliense.com.br\/lianasabo\/wp-json\/wp\/v2\/posts\/719\/revisions"}],"predecessor-version":[{"id":722,"href":"https:\/\/blogs.correiobraziliense.com.br\/lianasabo\/wp-json\/wp\/v2\/posts\/719\/revisions\/722"}],"wp:featuredmedia":[{"embeddable":true,"href":"https:\/\/blogs.correiobraziliense.com.br\/lianasabo\/wp-json\/wp\/v2\/media\/720"}],"wp:attachment":[{"href":"https:\/\/blogs.correiobraziliense.com.br\/lianasabo\/wp-json\/wp\/v2\/media?parent=719"}],"wp:term":[{"taxonomy":"category","embeddable":true,"href":"https:\/\/blogs.correiobraziliense.com.br\/lianasabo\/wp-json\/wp\/v2\/categories?post=719"},{"taxonomy":"post_tag","embeddable":true,"href":"https:\/\/blogs.correiobraziliense.com.br\/lianasabo\/wp-json\/wp\/v2\/tags?post=719"}],"curies":[{"name":"wp","href":"https:\/\/api.w.org\/{rel}","templated":true}]}}