{"id":7182,"date":"2023-06-27T17:41:02","date_gmt":"2023-06-27T20:41:02","guid":{"rendered":"https:\/\/blogs.correiobraziliense.com.br\/lianasabo\/?p=7182"},"modified":"2023-06-27T17:41:02","modified_gmt":"2023-06-27T20:41:02","slug":"restaurante-na-asa-sul-lanca-a-primeira-noite-da-fortuna","status":"publish","type":"post","link":"https:\/\/blogs.correiobraziliense.com.br\/lianasabo\/restaurante-na-asa-sul-lanca-a-primeira-noite-da-fortuna\/","title":{"rendered":"Restaurante na Asa Sul lan\u00e7a a primeira Noite da Fortuna"},"content":{"rendered":"<p><em>Evento ser\u00e1 realizado na quinta-feira, 29 de junho, tendo o nhoque como protagonista<\/em><\/p>\n<p>Para manter viva uma tradicional italiana, a Mercearia Bar e Restaurante, localizada na 404\/405 Sul, lan\u00e7a a primeira Noite da Fortuna com realiza\u00e7\u00e3o quinta-feira (29\/6). O evento se inspira na lenda sobre S\u00e3o Pantale\u00e3o.<\/p>\n<p>Em um dia 29 qualquer, o santo se disfar\u00e7ou de andarilho e bateu nas portas pedindo um prato de comida. Ele foi recebido por uma fam\u00edlia muito humilde que dividiu apenas o que tinha: sete massinhas de nhoque. Ao fim da refei\u00e7\u00e3o, eles se surpreenderam com v\u00e1rias moedas de ouro sob a lou\u00e7a.<\/p>\n<p>No restaurante, o nhoque, protagonista da data, ser\u00e1 servido em tr\u00eas vers\u00f5es ao custo de R$ 89. As receitas s\u00e3o nhoque de banana da terra com camar\u00f5es flambados, fonduta de gorgonzola e chips de banana, nhoque de batata asterix ao molho sugo da casa e manjeric\u00e3o salpicado de queijo parmes\u00e3o e nhoque de batata asterix ao molho roti de ossobuco cozido por 12 horas em fogo lento.<\/p>\n<p>Antes do prato principal, o p\u00fablico poder\u00e1 iniciar a noite, a partir das 19h, com as ofertas da mesa de frios, p\u00e3es e antepastos. As reservas podem ser feitas pelo telefone (61) 99802-9691 ou pelo Instagram <a href=\"https:\/\/www.instagram.com\/merceariabarerestaurante\/\">@merceariabarerestaurante<\/a>.<\/p>\n","protected":false},"excerpt":{"rendered":"<p>Evento ser\u00e1 realizado na quinta-feira, 29 de junho, tendo o nhoque como protagonista Para manter viva uma tradicional italiana, a Mercearia Bar e Restaurante, localizada na 404\/405 Sul, lan\u00e7a a primeira Noite da Fortuna com realiza\u00e7\u00e3o quinta-feira (29\/6). O evento se inspira na lenda sobre S\u00e3o Pantale\u00e3o. Em um dia 29 qualquer, o santo se disfar\u00e7ou de andarilho e bateu [&hellip;]<\/p>\n","protected":false},"author":54,"featured_media":7183,"comment_status":"open","ping_status":"open","sticky":false,"template":"","format":"standard","meta":{"footnotes":""},"categories":[486],"tags":[801,803,802],"class_list":["post-7182","post","type-post","status-publish","format-standard","has-post-thumbnail","hentry","category-evento","tag-mercearia-bar-e-restaurante","tag-nhoque","tag-noite-da-fortuna"],"_links":{"self":[{"href":"https:\/\/blogs.correiobraziliense.com.br\/lianasabo\/wp-json\/wp\/v2\/posts\/7182","targetHints":{"allow":["GET"]}}],"collection":[{"href":"https:\/\/blogs.correiobraziliense.com.br\/lianasabo\/wp-json\/wp\/v2\/posts"}],"about":[{"href":"https:\/\/blogs.correiobraziliense.com.br\/lianasabo\/wp-json\/wp\/v2\/types\/post"}],"author":[{"embeddable":true,"href":"https:\/\/blogs.correiobraziliense.com.br\/lianasabo\/wp-json\/wp\/v2\/users\/54"}],"replies":[{"embeddable":true,"href":"https:\/\/blogs.correiobraziliense.com.br\/lianasabo\/wp-json\/wp\/v2\/comments?post=7182"}],"version-history":[{"count":1,"href":"https:\/\/blogs.correiobraziliense.com.br\/lianasabo\/wp-json\/wp\/v2\/posts\/7182\/revisions"}],"predecessor-version":[{"id":7184,"href":"https:\/\/blogs.correiobraziliense.com.br\/lianasabo\/wp-json\/wp\/v2\/posts\/7182\/revisions\/7184"}],"wp:featuredmedia":[{"embeddable":true,"href":"https:\/\/blogs.correiobraziliense.com.br\/lianasabo\/wp-json\/wp\/v2\/media\/7183"}],"wp:attachment":[{"href":"https:\/\/blogs.correiobraziliense.com.br\/lianasabo\/wp-json\/wp\/v2\/media?parent=7182"}],"wp:term":[{"taxonomy":"category","embeddable":true,"href":"https:\/\/blogs.correiobraziliense.com.br\/lianasabo\/wp-json\/wp\/v2\/categories?post=7182"},{"taxonomy":"post_tag","embeddable":true,"href":"https:\/\/blogs.correiobraziliense.com.br\/lianasabo\/wp-json\/wp\/v2\/tags?post=7182"}],"curies":[{"name":"wp","href":"https:\/\/api.w.org\/{rel}","templated":true}]}}