{"id":7167,"date":"2023-06-22T06:01:28","date_gmt":"2023-06-22T09:01:28","guid":{"rendered":"https:\/\/blogs.correiobraziliense.com.br\/lianasabo\/?p=7167"},"modified":"2023-06-21T09:10:30","modified_gmt":"2023-06-21T12:10:30","slug":"quitutes-juninos-estarao-no-cardapio-dos-restaurantes-do-mane-mercado","status":"publish","type":"post","link":"https:\/\/blogs.correiobraziliense.com.br\/lianasabo\/quitutes-juninos-estarao-no-cardapio-dos-restaurantes-do-mane-mercado\/","title":{"rendered":"Quitutes juninos estar\u00e3o no card\u00e1pio dos restaurantes do Man\u00e9 Mercado"},"content":{"rendered":"<figure id=\"attachment_7169\" aria-describedby=\"caption-attachment-7169\" style=\"width: 200px\" class=\"wp-caption alignright\"><a href=\"https:\/\/blogs.correiobraziliense.com.br\/lianasabo\/wp-content\/uploads\/sites\/25\/2023\/06\/Caf\u00e9-e-um-Ch\u00earo.jpg\"><img loading=\"lazy\" decoding=\"async\" class=\"size-medium wp-image-7169\" src=\"https:\/\/blogs.correiobraziliense.com.br\/lianasabo\/wp-content\/uploads\/sites\/25\/2023\/06\/Caf\u00e9-e-um-Ch\u00earo-200x300.jpg\" alt=\"\" width=\"200\" height=\"300\" srcset=\"https:\/\/blogs.correiobraziliense.com.br\/lianasabo\/wp-content\/uploads\/sites\/25\/2023\/06\/Caf\u00e9-e-um-Ch\u00earo-200x300.jpg 200w, https:\/\/blogs.correiobraziliense.com.br\/lianasabo\/wp-content\/uploads\/sites\/25\/2023\/06\/Caf\u00e9-e-um-Ch\u00earo-768x1152.jpg 768w, https:\/\/blogs.correiobraziliense.com.br\/lianasabo\/wp-content\/uploads\/sites\/25\/2023\/06\/Caf\u00e9-e-um-Ch\u00earo.jpg 683w, https:\/\/blogs.correiobraziliense.com.br\/lianasabo\/wp-content\/uploads\/sites\/25\/2023\/06\/Caf\u00e9-e-um-Ch\u00earo-800x1200.jpg 800w, https:\/\/blogs.correiobraziliense.com.br\/lianasabo\/wp-content\/uploads\/sites\/25\/2023\/06\/Caf\u00e9-e-um-Ch\u00earo-550x825.jpg 550w, https:\/\/blogs.correiobraziliense.com.br\/lianasabo\/wp-content\/uploads\/sites\/25\/2023\/06\/Caf\u00e9-e-um-Ch\u00earo-230x345.jpg 230w\" sizes=\"auto, (max-width: 200px) 100vw, 200px\" \/><\/a><figcaption id=\"caption-attachment-7169\" class=\"wp-caption-text\">Arroz doce com ou sem canela, que poder\u00e1 ser servido quente ou frio do Caf\u00e9 e um Ch\u00earo. Cr\u00e9dito: Bruno Aguiar\/Divulga\u00e7\u00e3o<\/figcaption><\/figure>\n<p>O clima de festa junina invadiu o complexo gastron\u00f4mico Man\u00e9 Mercado. De sexta-feira (23\/6) at\u00e9 2 de julho, quitutes t\u00edpicos estar\u00e3o no card\u00e1pio dos estabelecimentos do local que ainda ter\u00e1 apresenta\u00e7\u00e3o de quadrilhas e m\u00fasica ao vivo.<\/p>\n<p>No menu especial est\u00e3o o arroz doce (R$ 20) do Caf\u00e9 e um Ch\u00earo; o milho cozido na manteiga e finalizado na brasa com aioli e queijo ralado (R$ 16) do Superquadra, que tamb\u00e9m serve o cl\u00e1ssico salsich\u00e3o grelhado na parrilla servido com mostarda (R$ 16); e o quent\u00e3o feito com cacha\u00e7a, ma\u00e7\u00e3 e hibisco (R$ 18) no Teta.<\/p>\n<p>Funcionamento domingo, segunda, ter\u00e7a e quarta, das 12h \u00e0 0h, e quinta, sexta e domingo, das 12h \u00e0s 2h.<\/p>\n<p><strong>Programa\u00e7\u00e3o cultural:<\/strong><\/p>\n<p><strong>23\/6 &#8211; Sexta<\/strong><br \/>\n20h \u00e0s 21h e 21h30 \u00e0s 23h &#8211; Forr\u00f3zin do Rafael Lima<br \/>\n21h \u00e0s 21h30 &#8211; Sabugo de Milho<\/p>\n<p><strong>24\/6 &#8211; S\u00e1bado<\/strong><br \/>\n20h \u00e0s 21h e 21h30 \u00e0s 23h &#8211; Banda: Ton Ribeiro<br \/>\n21h \u00e0s 21h30 &#8211; Sabugo de Milho<\/p>\n<p><strong>25\/6 &#8211; Domingo<\/strong><br \/>\n18h \u00e0s 19h e\u00a019h30 \u00e0s 21h &#8211;\u00a0 Moinho D\u2019\u00e1gua<br \/>\n19h \u00e0s 19h30 &#8211; Sabugo de Milho<\/p>\n<p><strong>30\/6 &#8211; Sexta<\/strong><br \/>\n20h \u00e0s 21h e 21h30 \u00e0s 23h &#8211; Forr\u00f3zin do Rafael Lima<br \/>\n21h \u00e0s 21h30 &#8211; Sabugo de Milho<\/p>\n<p><strong>1\/7 &#8211; S\u00e1bado<\/strong><br \/>\n20h \u00e0s 21h e\u00a021h30 \u00e0s 23h &#8211; Trio XODD\u00d3<br \/>\n21h \u00e0s 21h30 &#8211; Sabugo de Milho<\/p>\n<p><strong>2\/7 &#8211; Domingo<\/strong><br \/>\n18h \u00e0s 19h e\u00a019h30 \u00e0s 21h &#8211; Trio Balan\u00e7ado<br \/>\n19h \u00e0s 19h30 &#8211; Sabugo de Milho<\/p>\n","protected":false},"excerpt":{"rendered":"<p>O clima de festa junina invadiu o complexo gastron\u00f4mico Man\u00e9 Mercado. De sexta-feira (23\/6) at\u00e9 2 de julho, quitutes t\u00edpicos estar\u00e3o no card\u00e1pio dos estabelecimentos do local que ainda ter\u00e1 apresenta\u00e7\u00e3o de quadrilhas e m\u00fasica ao vivo. No menu especial est\u00e3o o arroz doce (R$ 20) do Caf\u00e9 e um Ch\u00earo; o milho cozido na manteiga e finalizado na brasa [&hellip;]<\/p>\n","protected":false},"author":54,"featured_media":7168,"comment_status":"open","ping_status":"open","sticky":false,"template":"","format":"standard","meta":{"footnotes":""},"categories":[455],"tags":[798,650],"class_list":["post-7167","post","type-post","status-publish","format-standard","has-post-thumbnail","hentry","category-festa-junina","tag-cardapio-junino","tag-mane-mercado"],"_links":{"self":[{"href":"https:\/\/blogs.correiobraziliense.com.br\/lianasabo\/wp-json\/wp\/v2\/posts\/7167","targetHints":{"allow":["GET"]}}],"collection":[{"href":"https:\/\/blogs.correiobraziliense.com.br\/lianasabo\/wp-json\/wp\/v2\/posts"}],"about":[{"href":"https:\/\/blogs.correiobraziliense.com.br\/lianasabo\/wp-json\/wp\/v2\/types\/post"}],"author":[{"embeddable":true,"href":"https:\/\/blogs.correiobraziliense.com.br\/lianasabo\/wp-json\/wp\/v2\/users\/54"}],"replies":[{"embeddable":true,"href":"https:\/\/blogs.correiobraziliense.com.br\/lianasabo\/wp-json\/wp\/v2\/comments?post=7167"}],"version-history":[{"count":1,"href":"https:\/\/blogs.correiobraziliense.com.br\/lianasabo\/wp-json\/wp\/v2\/posts\/7167\/revisions"}],"predecessor-version":[{"id":7170,"href":"https:\/\/blogs.correiobraziliense.com.br\/lianasabo\/wp-json\/wp\/v2\/posts\/7167\/revisions\/7170"}],"wp:featuredmedia":[{"embeddable":true,"href":"https:\/\/blogs.correiobraziliense.com.br\/lianasabo\/wp-json\/wp\/v2\/media\/7168"}],"wp:attachment":[{"href":"https:\/\/blogs.correiobraziliense.com.br\/lianasabo\/wp-json\/wp\/v2\/media?parent=7167"}],"wp:term":[{"taxonomy":"category","embeddable":true,"href":"https:\/\/blogs.correiobraziliense.com.br\/lianasabo\/wp-json\/wp\/v2\/categories?post=7167"},{"taxonomy":"post_tag","embeddable":true,"href":"https:\/\/blogs.correiobraziliense.com.br\/lianasabo\/wp-json\/wp\/v2\/tags?post=7167"}],"curies":[{"name":"wp","href":"https:\/\/api.w.org\/{rel}","templated":true}]}}