{"id":7159,"date":"2023-06-17T11:58:33","date_gmt":"2023-06-17T14:58:33","guid":{"rendered":"https:\/\/blogs.correiobraziliense.com.br\/lianasabo\/?p=7159"},"modified":"2023-06-17T12:26:16","modified_gmt":"2023-06-17T15:26:16","slug":"objeto-encontrado-recebe-almoco-beneficente-do-projeto-dividir-no-domingo","status":"publish","type":"post","link":"https:\/\/blogs.correiobraziliense.com.br\/lianasabo\/objeto-encontrado-recebe-almoco-beneficente-do-projeto-dividir-no-domingo\/","title":{"rendered":"Objeto Encontrado recebe almo\u00e7o beneficente do Projeto Dividir no domingo"},"content":{"rendered":"<p><em>O evento tem como objetivo arrecadar verbas para a manuten\u00e7\u00e3o do projeto que leva refei\u00e7\u00f5es saud\u00e1veis a pessoas em situa\u00e7\u00e3o de rua no DF<\/em><\/p>\n<p>Neste domingo (18\/6) tem mais uma edi\u00e7\u00e3o do almo\u00e7o beneficente do Projeto Dividir. Ser\u00e1 a partir das 12h no Objeto Encontrado, na 102 Norte. O estabelecimento \u00e9 parceiro oficial do projeto, que, desta vez, conta tamb\u00e9m com a participa\u00e7\u00e3o de mais duas casas da cidade: Bitaca da Norte e Ad\u00e9lia Padaria. O valor arrecadado no almo\u00e7o \u00e9 destinado a dar mais recursos \u00e0 iniciativa.<\/p>\n<p>O Projeto Dividir nasceu na pandemia buscando levar refei\u00e7\u00f5es saud\u00e1veis para pessoas sem moradia no Distrito Federal. Desde mar\u00e7o de 2020, j\u00e1 proporcionou uma refei\u00e7\u00e3o di\u00e1ria para mais de 40 mil pessoas, doou mais de 10 mil cestas b\u00e1sicas, al\u00e9m de milhares de roupas, materiais escolares e kits de higiene. Hoje \u00e9 uma organiza\u00e7\u00e3o n\u00e3o governamental (ONG) com cozinha pr\u00f3pria na 102 Norte, no subsolo da Quero Melancia.<\/p>\n<p>A produ\u00e7\u00e3o de marmitas \u00e9 de ter\u00e7a \u00e0 sexta-feira. A cozinha come\u00e7a a funcionar \u00e0s 14h e fica aberta \u00e0 volunt\u00e1rios. Quem n\u00e3o sabe cozinhar, mas quer ajudar pode auxiliar no transporte das refei\u00e7\u00f5es. Al\u00e9m disso, \u00e9 poss\u00edvel ajudar o projeto por meio do Catarse (<a href=\"https:\/\/www.catarse.me\/projetodividir\">catarse.me\/projetodividir<\/a>) com apoios a partir de R$ 100 ou qualquer valor pelo pix (telefone: 61 995590180). Mais informa\u00e7\u00f5es em <a href=\"https:\/\/www.instagram.com\/projetodividir\/\">https:\/\/www.instagram.com\/projetodividir\/<\/a>.<\/p>\n","protected":false},"excerpt":{"rendered":"<p>O evento tem como objetivo arrecadar verbas para a manuten\u00e7\u00e3o do projeto que leva refei\u00e7\u00f5es saud\u00e1veis a pessoas em situa\u00e7\u00e3o de rua no DF Neste domingo (18\/6) tem mais uma edi\u00e7\u00e3o do almo\u00e7o beneficente do Projeto Dividir. Ser\u00e1 a partir das 12h no Objeto Encontrado, na 102 Norte. O estabelecimento \u00e9 parceiro oficial do projeto, que, desta vez, conta tamb\u00e9m [&hellip;]<\/p>\n","protected":false},"author":54,"featured_media":7160,"comment_status":"open","ping_status":"open","sticky":false,"template":"","format":"standard","meta":{"footnotes":""},"categories":[486],"tags":[794,793],"class_list":["post-7159","post","type-post","status-publish","format-standard","has-post-thumbnail","hentry","category-evento","tag-almoco-beneficente","tag-projeto-dividir"],"_links":{"self":[{"href":"https:\/\/blogs.correiobraziliense.com.br\/lianasabo\/wp-json\/wp\/v2\/posts\/7159","targetHints":{"allow":["GET"]}}],"collection":[{"href":"https:\/\/blogs.correiobraziliense.com.br\/lianasabo\/wp-json\/wp\/v2\/posts"}],"about":[{"href":"https:\/\/blogs.correiobraziliense.com.br\/lianasabo\/wp-json\/wp\/v2\/types\/post"}],"author":[{"embeddable":true,"href":"https:\/\/blogs.correiobraziliense.com.br\/lianasabo\/wp-json\/wp\/v2\/users\/54"}],"replies":[{"embeddable":true,"href":"https:\/\/blogs.correiobraziliense.com.br\/lianasabo\/wp-json\/wp\/v2\/comments?post=7159"}],"version-history":[{"count":2,"href":"https:\/\/blogs.correiobraziliense.com.br\/lianasabo\/wp-json\/wp\/v2\/posts\/7159\/revisions"}],"predecessor-version":[{"id":7162,"href":"https:\/\/blogs.correiobraziliense.com.br\/lianasabo\/wp-json\/wp\/v2\/posts\/7159\/revisions\/7162"}],"wp:featuredmedia":[{"embeddable":true,"href":"https:\/\/blogs.correiobraziliense.com.br\/lianasabo\/wp-json\/wp\/v2\/media\/7160"}],"wp:attachment":[{"href":"https:\/\/blogs.correiobraziliense.com.br\/lianasabo\/wp-json\/wp\/v2\/media?parent=7159"}],"wp:term":[{"taxonomy":"category","embeddable":true,"href":"https:\/\/blogs.correiobraziliense.com.br\/lianasabo\/wp-json\/wp\/v2\/categories?post=7159"},{"taxonomy":"post_tag","embeddable":true,"href":"https:\/\/blogs.correiobraziliense.com.br\/lianasabo\/wp-json\/wp\/v2\/tags?post=7159"}],"curies":[{"name":"wp","href":"https:\/\/api.w.org\/{rel}","templated":true}]}}