{"id":7145,"date":"2023-06-08T21:05:27","date_gmt":"2023-06-09T00:05:27","guid":{"rendered":"https:\/\/blogs.correiobraziliense.com.br\/lianasabo\/?p=7145"},"modified":"2023-06-08T21:05:27","modified_gmt":"2023-06-09T00:05:27","slug":"mais-de-10-opcoes-culinarias-para-celebrar-o-dia-dos-namorados","status":"publish","type":"post","link":"https:\/\/blogs.correiobraziliense.com.br\/lianasabo\/mais-de-10-opcoes-culinarias-para-celebrar-o-dia-dos-namorados\/","title":{"rendered":"Mais de 10 op\u00e7\u00f5es culin\u00e1rias para celebrar o Dia dos Namorados"},"content":{"rendered":"<p><i><span style=\"font-weight: 400\">Ainda n\u00e3o sabe como vai comemorar a data dos apaixonados? O Blog te ajuda! Confira op\u00e7\u00f5es para todos os gostos, tipos de casais e bolsos!<\/span><\/i><\/p>\n<p><b>Jantar \u00e0 luz de velas<\/b><\/p>\n<figure id=\"attachment_7152\" aria-describedby=\"caption-attachment-7152\" style=\"width: 300px\" class=\"wp-caption alignright\"><a href=\"https:\/\/blogs.correiobraziliense.com.br\/lianasabo\/wp-content\/uploads\/sites\/25\/2023\/06\/ticiana-ravioli-namorados.jpg\"><img loading=\"lazy\" decoding=\"async\" class=\"size-medium wp-image-7152\" src=\"https:\/\/blogs.correiobraziliense.com.br\/lianasabo\/wp-content\/uploads\/sites\/25\/2023\/06\/ticiana-ravioli-namorados-300x200.jpg\" alt=\"\" width=\"300\" height=\"200\" srcset=\"https:\/\/blogs.correiobraziliense.com.br\/lianasabo\/wp-content\/uploads\/sites\/25\/2023\/06\/ticiana-ravioli-namorados-300x200.jpg 300w, https:\/\/blogs.correiobraziliense.com.br\/lianasabo\/wp-content\/uploads\/sites\/25\/2023\/06\/ticiana-ravioli-namorados-768x512.jpg 768w, https:\/\/blogs.correiobraziliense.com.br\/lianasabo\/wp-content\/uploads\/sites\/25\/2023\/06\/ticiana-ravioli-namorados.jpg 800w, https:\/\/blogs.correiobraziliense.com.br\/lianasabo\/wp-content\/uploads\/sites\/25\/2023\/06\/ticiana-ravioli-namorados-550x366.jpg 550w, https:\/\/blogs.correiobraziliense.com.br\/lianasabo\/wp-content\/uploads\/sites\/25\/2023\/06\/ticiana-ravioli-namorados-230x153.jpg 230w\" sizes=\"auto, (max-width: 300px) 100vw, 300px\" \/><\/a><figcaption id=\"caption-attachment-7152\" class=\"wp-caption-text\">Ravi\u00f3li de beterraba com boursin. Cr\u00e9dito: Ticiana Werner\/Divulga\u00e7\u00e3o<\/figcaption><\/figure>\n<p><span style=\"font-weight: 400\">O Ticiana Werner Restaurante e Wine Bar, localizado na 201 Sul, ter\u00e1 um menu exclusivo para a ocasi\u00e3o. Um dia antes da data, ser\u00e3o apresentados o couvert da casa com queijo de cabra, acompanhado de figo fresco, nozes caramelizadas, presunto serrano, azeite temperado, guacamole de manga e torradas finas; o ravi\u00f3li de beterraba com boursin; e a ta\u00e7a de sorbet de frutas vermelhas com calda de frutas vermelhas.<\/span><\/p>\n<p><span style=\"font-weight: 400\">O valor por casal \u00e9 de R$ 336 e a reserva \u00e9 feita antecipadamente mediante pagamento por PIX ou cart\u00e3o de cr\u00e9dito em at\u00e9 3x sem juros. J\u00e1 o couvert no Sal\u00e3o Wine Bar \u00e9 de R$ 50 (casal) e na Varanda \u00e9 de R$ 70 (casal). Informa\u00e7\u00f5es: Site: <\/span><a href=\"http:\/\/www.ticianawerner.com.br\"><span style=\"font-weight: 400\">www.ticianawerner.com.br<\/span><\/a><span style=\"font-weight: 400\">.<\/span><\/p>\n<p><b>Reserva antecipada<\/b><\/p>\n<p><span style=\"font-weight: 400\">O Rapport Caf\u00e9 e Bistr\u00f4, que fica na 412 Norte, preparou uma op\u00e7\u00e3o especial para a ocasi\u00e3o, al\u00e9m das outras op\u00e7\u00f5es fixas de brunch para compartilhar do menu. Fazendo a reserva antecipada para o domingo (11\/6), na compra de um brunch para o casal, o cliente ainda ganha dois brownies em ta\u00e7a. Tudo isso em um ambiente aconchegante e rom\u00e2ntico, perfeito para criar mem\u00f3rias especiais. Reservas: 3322-0259.<\/span><\/p>\n<p><b>Romance beira-lago<\/b><\/p>\n<p><span style=\"font-weight: 400\">No Pont\u00e3o do Lago Sul, os restaurantes e quiosques preparam receitas e menus especiais para a data. \u00c9 o caso do Izzy Wine Garden que apostou no menu em tr\u00eas etapas. Entre os pratos est\u00e1 o fettuccine com camar\u00f5es. O card\u00e1pio custa R$ 320 (sem bebida) e R$ 420 (com espumante ou vinho), por casal. Reservas via WhatsApp: (61) 99211-5375\u00a0 ou <\/span><a href=\"https:\/\/www.getinapp.com.br\/brasilia\/izzi-wine-garden\"><span style=\"font-weight: 400\">https:\/\/www.getinapp.com.br\/brasilia\/izzi-wine-garden<\/span><\/a><span style=\"font-weight: 400\">.\u00a0<\/span><\/p>\n<p><b>Cora\u00e7\u00e3o fora do peito<\/b><\/p>\n<figure id=\"attachment_7151\" aria-describedby=\"caption-attachment-7151\" style=\"width: 300px\" class=\"wp-caption alignleft\"><a href=\"https:\/\/blogs.correiobraziliense.com.br\/lianasabo\/wp-content\/uploads\/sites\/25\/2023\/06\/amo.jpg\"><img loading=\"lazy\" decoding=\"async\" class=\"size-medium wp-image-7151\" src=\"https:\/\/blogs.correiobraziliense.com.br\/lianasabo\/wp-content\/uploads\/sites\/25\/2023\/06\/amo-300x300.jpg\" alt=\"\" width=\"300\" height=\"300\" srcset=\"https:\/\/blogs.correiobraziliense.com.br\/lianasabo\/wp-content\/uploads\/sites\/25\/2023\/06\/amo-300x300.jpg 300w, https:\/\/blogs.correiobraziliense.com.br\/lianasabo\/wp-content\/uploads\/sites\/25\/2023\/06\/amo-150x150.jpg 150w, https:\/\/blogs.correiobraziliense.com.br\/lianasabo\/wp-content\/uploads\/sites\/25\/2023\/06\/amo-230x231.jpg 230w, https:\/\/blogs.correiobraziliense.com.br\/lianasabo\/wp-content\/uploads\/sites\/25\/2023\/06\/amo.jpg 627w\" sizes=\"auto, (max-width: 300px) 100vw, 300px\" \/><\/a><figcaption id=\"caption-attachment-7151\" class=\"wp-caption-text\">American Cookies:Cake de Corac\u0327a\u0303o; Cr\u00e9dito: Samir Fe\u0301lix e Giovanna Ucho\u0302a\/Divulga\u00e7\u00e3o<\/figcaption><\/figure>\n<p><span style=\"font-weight: 400\">A rede especializada em biscoito americano American Cookies lan\u00e7ou, para o Dia dos Namorados, a linha Cake de Cora\u00e7\u00e3o. S\u00e3o duas op\u00e7\u00f5es da massa de cookies da rede em formato de cora\u00e7\u00e3o nas vers\u00f5es de red velvet e branca com gotinhas de chocolate e recheios de geleia de morango e brigadeiro belga ao leite.\u00a0<\/span><\/p>\n<p><span style=\"font-weight: 400\">A partir R$ 49,90 nas lojas de \u00c1guas Claras (Rua Manac\u00e1, Loja 12; Rua 33 Sul, Lote 5; DF Plaza), Guar\u00e1 (Parkshopping e QI 31, Bloco A), Asa Sul (CLS 406, Bloco D e SCS Quadra 6 &#8211; Piso 1) e Asa Norte (CLN 214, Bloco C; Conjunto Nacional; Bras\u00edlia Shopping), Noroeste (CLNW 10\/11, Bloco I), Lago Norte (BR-003, SPMN, Lote 2), Sudoeste (CLSW 303, Bloco C; Terra\u00e7o Shopping), Lago Sul (SMDB, Conjunto 12; Pont\u00e3o do Lago Sul; Gilberto Salom\u00e3o; Aeroporto Internacional de Bras\u00edlia) e Taguatinga (JK Shopping; ADE \u00c1guas Claras, Conjunto 22).<\/span><\/p>\n<p><b>Pratos exclusivos<\/b><\/p>\n<figure id=\"attachment_7150\" aria-describedby=\"caption-attachment-7150\" style=\"width: 300px\" class=\"wp-caption alignright\"><a href=\"https:\/\/blogs.correiobraziliense.com.br\/lianasabo\/wp-content\/uploads\/sites\/25\/2023\/06\/AROMA_Camar\u00e3o-com-Risoto-de-Brie_Aroma-Divulga\u00e7\u00e3o.jpg\"><img loading=\"lazy\" decoding=\"async\" class=\"wp-image-7150 size-medium\" src=\"https:\/\/blogs.correiobraziliense.com.br\/lianasabo\/wp-content\/uploads\/sites\/25\/2023\/06\/AROMA_Camar\u00e3o-com-Risoto-de-Brie_Aroma-Divulga\u00e7\u00e3o-300x200.jpg\" alt=\"\" width=\"300\" height=\"200\" srcset=\"https:\/\/blogs.correiobraziliense.com.br\/lianasabo\/wp-content\/uploads\/sites\/25\/2023\/06\/AROMA_Camar\u00e3o-com-Risoto-de-Brie_Aroma-Divulga\u00e7\u00e3o-300x200.jpg 300w, https:\/\/blogs.correiobraziliense.com.br\/lianasabo\/wp-content\/uploads\/sites\/25\/2023\/06\/AROMA_Camar\u00e3o-com-Risoto-de-Brie_Aroma-Divulga\u00e7\u00e3o-768x512.jpg 768w, https:\/\/blogs.correiobraziliense.com.br\/lianasabo\/wp-content\/uploads\/sites\/25\/2023\/06\/AROMA_Camar\u00e3o-com-Risoto-de-Brie_Aroma-Divulga\u00e7\u00e3o.jpg 800w, https:\/\/blogs.correiobraziliense.com.br\/lianasabo\/wp-content\/uploads\/sites\/25\/2023\/06\/AROMA_Camar\u00e3o-com-Risoto-de-Brie_Aroma-Divulga\u00e7\u00e3o-550x366.jpg 550w, https:\/\/blogs.correiobraziliense.com.br\/lianasabo\/wp-content\/uploads\/sites\/25\/2023\/06\/AROMA_Camar\u00e3o-com-Risoto-de-Brie_Aroma-Divulga\u00e7\u00e3o-230x153.jpg 230w\" sizes=\"auto, (max-width: 300px) 100vw, 300px\" \/><\/a><figcaption id=\"caption-attachment-7150\" class=\"wp-caption-text\">Camar\u00e3o com risoto de brie. Cr\u00e9dito: Aroma\/Divulga\u00e7\u00e3o<\/figcaption><\/figure>\n<p><span style=\"font-weight: 400\">\u00c0 frente da cozinha do restaurante Aroma (407 Sul), o chef Ronny Peterson criou uma sele\u00e7\u00e3o de pratos exclusivos para os apaixonados degustarem ao som ao vivo do saxofonista Jordan. Como entrada, a sugest\u00e3o \u00e9 vieira grelhada com emuls\u00e3o de moqueca, mini milho tostado e aioli de corais (R$ 128). J\u00e1 entre as op\u00e7\u00f5es de prato principal, a pedida \u00e9 camar\u00e3o com risoto de queijo brie, aspargos tostados e p\u00f3 de parma (R$ 160). Para encerrar, a sobremesa indicada \u00e9 uma panna cotta com calda de tangerina e creme de manga (R$ 45). Informa\u00e7\u00e3o: 99599-1546.\u00a0<\/span><\/p>\n<p><b>Atmosfera rom\u00e2ntica<\/b><\/p>\n<p><span style=\"font-weight: 400\">O chef Thiago Para\u00edso ser\u00e1 o respons\u00e1vel pelos sabores do jantar Belini Jazz, que ocorre no dia 12, a partir das 19h, na Belini Pani e Gastronomia (CLS 113 Bloco D). Al\u00e9m da culin\u00e1ria diferenciada, a noite ter\u00e1 um especial de jazz ao vivo para embalar os casais. Reservas: 3345-0777 (WhatsApp).<\/span><\/p>\n<p><b>Para esquentar a dois<\/b><\/p>\n<p><span style=\"font-weight: 400\">Aproveitando o friozinho deste per\u00edodo, o Aquavit promove um menu bom para o clima, com uma fraldinha suculenta servida com molho de vinho tinto e bolinhos de tapioca crocantes por fora e cremosos por dentro acompanhados com molho de laranja. O menu completo custa R$ 350 (sem vinho) e R$ 495 (com vinho). Reservas com Bertil T\u00f8ttenborg: 99994-9646 (WhatsApp).<\/span><\/p>\n<p><b>Amor da vida<\/b><\/p>\n<figure id=\"attachment_7149\" aria-describedby=\"caption-attachment-7149\" style=\"width: 800px\" class=\"wp-caption aligncenter\"><a href=\"https:\/\/blogs.correiobraziliense.com.br\/lianasabo\/wp-content\/uploads\/sites\/25\/2023\/06\/WhatsApp-Image-2023-06-07-at-22.29.03.jpeg\"><img loading=\"lazy\" decoding=\"async\" class=\"size-full wp-image-7149\" src=\"https:\/\/blogs.correiobraziliense.com.br\/lianasabo\/wp-content\/uploads\/sites\/25\/2023\/06\/WhatsApp-Image-2023-06-07-at-22.29.03.jpeg\" alt=\"\" width=\"800\" height=\"562\" srcset=\"https:\/\/blogs.correiobraziliense.com.br\/lianasabo\/wp-content\/uploads\/sites\/25\/2023\/06\/WhatsApp-Image-2023-06-07-at-22.29.03.jpeg 800w, https:\/\/blogs.correiobraziliense.com.br\/lianasabo\/wp-content\/uploads\/sites\/25\/2023\/06\/WhatsApp-Image-2023-06-07-at-22.29.03-300x211.jpeg 300w, https:\/\/blogs.correiobraziliense.com.br\/lianasabo\/wp-content\/uploads\/sites\/25\/2023\/06\/WhatsApp-Image-2023-06-07-at-22.29.03-768x540.jpeg 768w, https:\/\/blogs.correiobraziliense.com.br\/lianasabo\/wp-content\/uploads\/sites\/25\/2023\/06\/WhatsApp-Image-2023-06-07-at-22.29.03-550x386.jpeg 550w, https:\/\/blogs.correiobraziliense.com.br\/lianasabo\/wp-content\/uploads\/sites\/25\/2023\/06\/WhatsApp-Image-2023-06-07-at-22.29.03-230x162.jpeg 230w\" sizes=\"auto, (max-width: 800px) 100vw, 800px\" \/><\/a><figcaption id=\"caption-attachment-7149\" class=\"wp-caption-text\">Fil\u00e9 mignon grelhado com crosta de pistache acompanhado de risoto de aspargos. Cr\u00e9dito: Quitinete\/Divulga\u00e7\u00e3o<\/figcaption><\/figure>\n<p><span style=\"font-weight: 400\">Sob o tema \u201cL\u2019amour de Ma Vie\u201d, o restaurante Quitinete Goumert (CLS 209, Bloco B) apresenta card\u00e1pio com entrada, prato principal e sobremesa por R$ 120. O menu tem duas op\u00e7\u00f5es de entrada: steak tartare com chips de batata doce e mini salada ao molho c\u00edtrico ou farfalline com blanquet, azeitonas, mussarela de b\u00fafala e tomate concass\u00e9 ao molho pesto.<\/span><\/p>\n<p><span style=\"font-weight: 400\">J\u00e1 entre os pratos principais, os casais poder\u00e3o escolher entre o camar\u00e3o grelhado na manteiga de ervas, com molho de queijo brie, espumante e caviar acompanhado de risoto de alho-por\u00f3 ou o fil\u00e9 mignon grelhado com crosta de pistache acompanhado de risoto de aspargos. Como sobremesas, coconut ou mousse de caf\u00e9. Reservas: 3242-0506.<\/span><\/p>\n<p><b>Hor\u00e1rio para todos<\/b><\/p>\n<p><span style=\"font-weight: 400\">No espa\u00e7o Rota do Vinho, na 410 Sul, o Dia dos Namorados ser\u00e1 celebrado em dose dupla. Ser\u00e3o dois hor\u00e1rios para aproveitar o menu em tr\u00eas etapas: das 19h \u00e0s 21h e das 21h30 \u00e0 0h. Brandade de bacalhau com pur\u00ea de baroa abre o card\u00e1pio, que tem fil\u00e9 de pescada amarela ao molho de ervas e risoto de lim\u00e3o siciliano como prato principal, e tiramis\u00fa, como sobremesa. A partir de R$ 290 e R$ 380 (harmoniza\u00e7\u00e3o), por casal. Reservas: 99411-6647.<\/span><\/p>\n<p><b>Almo\u00e7o e jantar para os casais<\/b><\/p>\n<figure id=\"attachment_7148\" aria-describedby=\"caption-attachment-7148\" style=\"width: 300px\" class=\"wp-caption alignright\"><a href=\"https:\/\/blogs.correiobraziliense.com.br\/lianasabo\/wp-content\/uploads\/sites\/25\/2023\/06\/Bacalhau-ao-forno.jpeg\"><img loading=\"lazy\" decoding=\"async\" class=\"size-medium wp-image-7148\" src=\"https:\/\/blogs.correiobraziliense.com.br\/lianasabo\/wp-content\/uploads\/sites\/25\/2023\/06\/Bacalhau-ao-forno-300x209.jpeg\" alt=\"\" width=\"300\" height=\"209\" srcset=\"https:\/\/blogs.correiobraziliense.com.br\/lianasabo\/wp-content\/uploads\/sites\/25\/2023\/06\/Bacalhau-ao-forno-300x209.jpeg 300w, https:\/\/blogs.correiobraziliense.com.br\/lianasabo\/wp-content\/uploads\/sites\/25\/2023\/06\/Bacalhau-ao-forno-550x383.jpeg 550w, https:\/\/blogs.correiobraziliense.com.br\/lianasabo\/wp-content\/uploads\/sites\/25\/2023\/06\/Bacalhau-ao-forno-230x160.jpeg 230w, https:\/\/blogs.correiobraziliense.com.br\/lianasabo\/wp-content\/uploads\/sites\/25\/2023\/06\/Bacalhau-ao-forno.jpeg 673w\" sizes=\"auto, (max-width: 300px) 100vw, 300px\" \/><\/a><figcaption id=\"caption-attachment-7148\" class=\"wp-caption-text\">Bacalhau ao forno. Cr\u00e9dito: Taberna Lusitana\/Divulga\u00e7\u00e3o<\/figcaption><\/figure>\n<p><span style=\"font-weight: 400\">No Dia dos Namorados, a Taberna Lusitana (CLS 412 Bloco C) est\u00e1 com reservas abertas para o almo\u00e7o e o jantar. Por R$ 150 (por pessoa) ou R$ 299 (por casal), a casa portuguesa oferecer\u00e1 uma degusta\u00e7\u00e3o de queijos e frios para iniciar a sequ\u00eancia do menu.\u00a0<\/span><\/p>\n<p><span style=\"font-weight: 400\">Logo em seguida, cada pessoa pode escolher entre tr\u00eas pratos principais: lombo de bacalhau ao forno com batata ao murro, azeitonas pretas, ovos, cebola com arroz de br\u00f3colis; fil\u00e9 com redu\u00e7\u00e3o de vinho tinto com risoto de alho por\u00f3; e risoto de funghi. Receitas: 98123-6353.<\/span><\/p>\n<p><b>Menu harmonizado<\/b><\/p>\n<figure id=\"attachment_7147\" aria-describedby=\"caption-attachment-7147\" style=\"width: 259px\" class=\"wp-caption alignleft\"><a href=\"https:\/\/blogs.correiobraziliense.com.br\/lianasabo\/wp-content\/uploads\/sites\/25\/2023\/06\/Fetuccine-Negro-com-camaroes.jpeg\"><img loading=\"lazy\" decoding=\"async\" class=\"wp-image-7147 size-medium\" src=\"https:\/\/blogs.correiobraziliense.com.br\/lianasabo\/wp-content\/uploads\/sites\/25\/2023\/06\/Fetuccine-Negro-com-camaroes-259x300.jpeg\" alt=\"\" width=\"259\" height=\"300\" srcset=\"https:\/\/blogs.correiobraziliense.com.br\/lianasabo\/wp-content\/uploads\/sites\/25\/2023\/06\/Fetuccine-Negro-com-camaroes-259x300.jpeg 259w, https:\/\/blogs.correiobraziliense.com.br\/lianasabo\/wp-content\/uploads\/sites\/25\/2023\/06\/Fetuccine-Negro-com-camaroes-550x637.jpeg 550w, https:\/\/blogs.correiobraziliense.com.br\/lianasabo\/wp-content\/uploads\/sites\/25\/2023\/06\/Fetuccine-Negro-com-camaroes-230x266.jpeg 230w, https:\/\/blogs.correiobraziliense.com.br\/lianasabo\/wp-content\/uploads\/sites\/25\/2023\/06\/Fetuccine-Negro-com-camaroes.jpeg 697w\" sizes=\"auto, (max-width: 259px) 100vw, 259px\" \/><\/a><figcaption id=\"caption-attachment-7147\" class=\"wp-caption-text\">Fettuccine negro com camar\u00f5es. Cr\u00e9dito: Doc Cucina\/Divulga\u00e7\u00e3o<\/figcaption><\/figure>\n<p><span style=\"font-weight: 400\">O Doc Cucina (CLS 406 Bloco D) preparou uma sequ\u00eancia perfeita para quem ama cozinha italiana. No primeiro passo, os namorados t\u00eam como op\u00e7\u00f5es: brusquetta, terrine de queijo e t\u00e1bua de frios. Como principal, as sugest\u00f5es da casa s\u00e3o o fettuccine negro com camar\u00f5es; fil\u00e9 a gorgonzola com risoto caprese; e ravi\u00f3li recheado com ricota. De sobremesa, os pombinhos escolhem entre o cl\u00e1ssico creme brul\u00e9e e a del\u00edcia de chocolate. O menu sai a R$ 459 para duas pessoas e ainda inclui vinhos branco e tinto. Reservas: <\/span><a href=\"http:\/\/linktr.ee\/doccucina\"><span style=\"font-weight: 400\">linktr.ee\/doccucina<\/span><\/a><span style=\"font-weight: 400\">.<\/span><\/p>\n<p><b>Tr\u00eas etapas para o casal<\/b><\/p>\n<p><span style=\"font-weight: 400\">Na Casa Almer\u00eda, localizada na 104 Sul, tamb\u00e9m tem jantar de tr\u00eas etapas idealizado especialmente para o Dia dos Namorados. A pedida para come\u00e7ar \u00e9 uma t\u00e1bua de frios. Na sequ\u00eancia, os pombinhos podem escolher entre nhoque trufado, steak frite, ravioli doppio e salada caprese. E para ado\u00e7ar ainda mais a ocasi\u00e3o, fondue de chocolate com pistache de sobremesa. O valor do card\u00e1pio \u00e9 R$ 280 por casal e as reservas j\u00e1 podem ser feitas pelo WhatsApp no n\u00famero: 9582-8131.<\/span><\/p>\n<p><b>No conforto de casa<\/b><\/p>\n<p><span style=\"font-weight: 400\">As duas unidades do Dom Francisco Restaurante estar\u00e3o oferecendo o combo dos namorados para delivery. O menu conta com dois bolinhos de bacalhau, o prato de bacalhau desfiado acompanhado por arroz com broc\u00f3lis e o espumante Valdemiz Brut. O investimento \u00e9 de R$ 249 e os pedidos podem ser realizados pelo whatsapp (61) 99152-3836.\u00a0<\/span><\/p>\n<figure id=\"attachment_7146\" aria-describedby=\"caption-attachment-7146\" style=\"width: 640px\" class=\"wp-caption aligncenter\"><a href=\"https:\/\/blogs.correiobraziliense.com.br\/lianasabo\/wp-content\/uploads\/sites\/25\/2023\/06\/Dom-Francisco-402-Sul.jpg\"><img loading=\"lazy\" decoding=\"async\" class=\"size-full wp-image-7146\" src=\"https:\/\/blogs.correiobraziliense.com.br\/lianasabo\/wp-content\/uploads\/sites\/25\/2023\/06\/Dom-Francisco-402-Sul.jpg\" alt=\"\" width=\"640\" height=\"480\" srcset=\"https:\/\/blogs.correiobraziliense.com.br\/lianasabo\/wp-content\/uploads\/sites\/25\/2023\/06\/Dom-Francisco-402-Sul.jpg 640w, https:\/\/blogs.correiobraziliense.com.br\/lianasabo\/wp-content\/uploads\/sites\/25\/2023\/06\/Dom-Francisco-402-Sul-300x225.jpg 300w, https:\/\/blogs.correiobraziliense.com.br\/lianasabo\/wp-content\/uploads\/sites\/25\/2023\/06\/Dom-Francisco-402-Sul-550x413.jpg 550w, https:\/\/blogs.correiobraziliense.com.br\/lianasabo\/wp-content\/uploads\/sites\/25\/2023\/06\/Dom-Francisco-402-Sul-230x173.jpg 230w\" sizes=\"auto, (max-width: 640px) 100vw, 640px\" \/><\/a><figcaption id=\"caption-attachment-7146\" class=\"wp-caption-text\">Camar\u00e3o com manga e especiarias servido com arroz negro, prato do menu no restaurante da Asa Sul. Cr\u00e9dito: Dom Francisco\/Divulga\u00e7\u00e3o<\/figcaption><\/figure>\n<p><span style=\"font-weight: 400\">Quem quiser aproveitar com uma musiquinha ao vivo, Saulo do Sax vai embalar a noite na unidade da 402 sul, nos dias 10 e 12, a partir de 19h. O menu em tr\u00eas etapas ter\u00e1 o custo de R$ 299 para o casal ou R$ 359 com uma farrafa de espumante Valdemiz Brut inclusa. J\u00e1 na Asbac, ser\u00e1 servido o bacalhau do Cabral para duas pessoas ou a posta alta de bacalhau empanado crocante perfumado com azeite, acompanhado por mousseline de batata com raspas de lim\u00e3o siciliano. O investimento \u00e9 de R$ 399. Com o Espumante Valdemiz Brut incluso, o custo passa a ser R$ 459.<\/span><\/p>\n","protected":false},"excerpt":{"rendered":"<p>Ainda n\u00e3o sabe como vai comemorar a data dos apaixonados? O Blog te ajuda! Confira op\u00e7\u00f5es para todos os gostos, tipos de casais e bolsos! Jantar \u00e0 luz de velas O Ticiana Werner Restaurante e Wine Bar, localizado na 201 Sul, ter\u00e1 um menu exclusivo para a ocasi\u00e3o. Um dia antes da data, ser\u00e3o apresentados o couvert da casa com [&hellip;]<\/p>\n","protected":false},"author":54,"featured_media":7153,"comment_status":"open","ping_status":"open","sticky":false,"template":"","format":"standard","meta":{"footnotes":""},"categories":[326],"tags":[72,379],"class_list":["post-7145","post","type-post","status-publish","format-standard","has-post-thumbnail","hentry","category-restaurantes","tag-dia-dos-namorados","tag-restaurantes"],"_links":{"self":[{"href":"https:\/\/blogs.correiobraziliense.com.br\/lianasabo\/wp-json\/wp\/v2\/posts\/7145","targetHints":{"allow":["GET"]}}],"collection":[{"href":"https:\/\/blogs.correiobraziliense.com.br\/lianasabo\/wp-json\/wp\/v2\/posts"}],"about":[{"href":"https:\/\/blogs.correiobraziliense.com.br\/lianasabo\/wp-json\/wp\/v2\/types\/post"}],"author":[{"embeddable":true,"href":"https:\/\/blogs.correiobraziliense.com.br\/lianasabo\/wp-json\/wp\/v2\/users\/54"}],"replies":[{"embeddable":true,"href":"https:\/\/blogs.correiobraziliense.com.br\/lianasabo\/wp-json\/wp\/v2\/comments?post=7145"}],"version-history":[{"count":1,"href":"https:\/\/blogs.correiobraziliense.com.br\/lianasabo\/wp-json\/wp\/v2\/posts\/7145\/revisions"}],"predecessor-version":[{"id":7154,"href":"https:\/\/blogs.correiobraziliense.com.br\/lianasabo\/wp-json\/wp\/v2\/posts\/7145\/revisions\/7154"}],"wp:featuredmedia":[{"embeddable":true,"href":"https:\/\/blogs.correiobraziliense.com.br\/lianasabo\/wp-json\/wp\/v2\/media\/7153"}],"wp:attachment":[{"href":"https:\/\/blogs.correiobraziliense.com.br\/lianasabo\/wp-json\/wp\/v2\/media?parent=7145"}],"wp:term":[{"taxonomy":"category","embeddable":true,"href":"https:\/\/blogs.correiobraziliense.com.br\/lianasabo\/wp-json\/wp\/v2\/categories?post=7145"},{"taxonomy":"post_tag","embeddable":true,"href":"https:\/\/blogs.correiobraziliense.com.br\/lianasabo\/wp-json\/wp\/v2\/tags?post=7145"}],"curies":[{"name":"wp","href":"https:\/\/api.w.org\/{rel}","templated":true}]}}