{"id":7132,"date":"2023-06-16T06:17:40","date_gmt":"2023-06-16T09:17:40","guid":{"rendered":"https:\/\/blogs.correiobraziliense.com.br\/lianasabo\/?p=7132"},"modified":"2023-06-05T14:21:03","modified_gmt":"2023-06-05T17:21:03","slug":"encontro-de-marcas-cumbuco-saladeria-vira-parceria-de-don-romano","status":"publish","type":"post","link":"https:\/\/blogs.correiobraziliense.com.br\/lianasabo\/encontro-de-marcas-cumbuco-saladeria-vira-parceria-de-don-romano\/","title":{"rendered":"Encontro de marcas: Cumbuco Saladeria vira parceria de Don Romano"},"content":{"rendered":"<p><em>A partir de agora, os dois card\u00e1pio ser\u00e3o oferecidos juntos nas unidades dos estabelecimentos<\/em><\/p>\n<p>Nascida no ano passado, em \u00c1guas Claras, a Cumbuco Saladeria, que toma emprestado o nome de uma das mais belas e festejadas praias cearenses, se tornou parceira de Don Romano, tradicional grife de pastas e pizzas inaugurada h\u00e1 mais de tr\u00eas d\u00e9cadas na Asa Norte e com a segunda loja na QI 11 do Lago Sul.<\/p>\n<p>Os dois card\u00e1pios s\u00e3o oferecidos juntos numa complementa\u00e7\u00e3o gastron\u00f4mica dispon\u00edvel tamb\u00e9m no delivery, pedido pelo iFood. Destaques para as saladas Cumbuco (R$ 40,90) com alface americana, r\u00facula, rosbife, cenoura ralada, queijo gorgonzola, am\u00eandoas carameladas e molho especial e a de salm\u00e3o grelhado (R$ 41,90) com mix de folhas, tomate sweet, edamame, palmito, couve crispy e molho oriental.<\/p>\n<p>Ainda tem salada camar\u00e3o (R$ 46,90) com alface, queijo parmes\u00e3o croutons e molho ceasar. Segundo a propriet\u00e1ria do restaurante Don Romano, Mariana Miranda, a novidade veio para somar. \u201cEstamos abra\u00e7ando essa nova marca da cidade, que traz uma proposta inovadora e que acompanha a tend\u00eancia do p\u00fablico brasiliense, cada vez mais interessado em uma alimenta\u00e7\u00e3o saud\u00e1vel.\u201d<\/p>\n<p>Voc\u00ea tamb\u00e9m pode montar sua pr\u00f3pria salada, a partir de R$ 34,90 com direito a duas bases, dois complementos, um topping e um molho dentro de mais de 50 itens. Telefones: 3248-0078 (Lago Sul) e 3546-1871 (Asa Norte). Instagram: <a href=\"https:\/\/www.instagram.com\/donromanopizzaria\/\">@donromanopizzaria<\/a> e <a href=\"https:\/\/www.instagram.com\/cumbucosaladeria\/\">@cumbucosaladeria<\/a><\/p>\n","protected":false},"excerpt":{"rendered":"<p>A partir de agora, os dois card\u00e1pio ser\u00e3o oferecidos juntos nas unidades dos estabelecimentos Nascida no ano passado, em \u00c1guas Claras, a Cumbuco Saladeria, que toma emprestado o nome de uma das mais belas e festejadas praias cearenses, se tornou parceira de Don Romano, tradicional grife de pastas e pizzas inaugurada h\u00e1 mais de tr\u00eas d\u00e9cadas na Asa Norte e [&hellip;]<\/p>\n","protected":false},"author":54,"featured_media":7133,"comment_status":"open","ping_status":"open","sticky":false,"template":"","format":"standard","meta":{"footnotes":""},"categories":[326],"tags":[791,574],"class_list":["post-7132","post","type-post","status-publish","format-standard","has-post-thumbnail","hentry","category-restaurantes","tag-cumbuco-saladeria","tag-don-romano"],"_links":{"self":[{"href":"https:\/\/blogs.correiobraziliense.com.br\/lianasabo\/wp-json\/wp\/v2\/posts\/7132","targetHints":{"allow":["GET"]}}],"collection":[{"href":"https:\/\/blogs.correiobraziliense.com.br\/lianasabo\/wp-json\/wp\/v2\/posts"}],"about":[{"href":"https:\/\/blogs.correiobraziliense.com.br\/lianasabo\/wp-json\/wp\/v2\/types\/post"}],"author":[{"embeddable":true,"href":"https:\/\/blogs.correiobraziliense.com.br\/lianasabo\/wp-json\/wp\/v2\/users\/54"}],"replies":[{"embeddable":true,"href":"https:\/\/blogs.correiobraziliense.com.br\/lianasabo\/wp-json\/wp\/v2\/comments?post=7132"}],"version-history":[{"count":1,"href":"https:\/\/blogs.correiobraziliense.com.br\/lianasabo\/wp-json\/wp\/v2\/posts\/7132\/revisions"}],"predecessor-version":[{"id":7134,"href":"https:\/\/blogs.correiobraziliense.com.br\/lianasabo\/wp-json\/wp\/v2\/posts\/7132\/revisions\/7134"}],"wp:featuredmedia":[{"embeddable":true,"href":"https:\/\/blogs.correiobraziliense.com.br\/lianasabo\/wp-json\/wp\/v2\/media\/7133"}],"wp:attachment":[{"href":"https:\/\/blogs.correiobraziliense.com.br\/lianasabo\/wp-json\/wp\/v2\/media?parent=7132"}],"wp:term":[{"taxonomy":"category","embeddable":true,"href":"https:\/\/blogs.correiobraziliense.com.br\/lianasabo\/wp-json\/wp\/v2\/categories?post=7132"},{"taxonomy":"post_tag","embeddable":true,"href":"https:\/\/blogs.correiobraziliense.com.br\/lianasabo\/wp-json\/wp\/v2\/tags?post=7132"}],"curies":[{"name":"wp","href":"https:\/\/api.w.org\/{rel}","templated":true}]}}