{"id":7096,"date":"2023-06-09T06:06:49","date_gmt":"2023-06-09T09:06:49","guid":{"rendered":"https:\/\/blogs.correiobraziliense.com.br\/lianasabo\/?p=7096"},"modified":"2023-06-05T11:13:07","modified_gmt":"2023-06-05T14:13:07","slug":"fabricio-carpinejar-escreve-versos-para-acompanhar-vinhos","status":"publish","type":"post","link":"https:\/\/blogs.correiobraziliense.com.br\/lianasabo\/fabricio-carpinejar-escreve-versos-para-acompanhar-vinhos\/","title":{"rendered":"Fabr\u00edcio Carpinejar escreve versos para acompanhar vinhos"},"content":{"rendered":"<p><em>O conte\u00fado do poeta integra uma leva especial da bebida para ser dada de presente ao namorado ou namorada em comemora\u00e7\u00e3o ao dia 12 de junho<\/em><\/p>\n<p>Para assinalar o Dia dos Namorados, a Importadora Decanter pediu ao escritor ga\u00facho Fabr\u00edcio Carpinejar, autor de mais de 40 livros e vencedor de mais de 20 pr\u00eamios, quatro versos, como \u201cAmar \u00e9 ser feliz at\u00e9 no sil\u00eancio\u201d para acompanharem o vinho escolhido para o amado ou a amada.<\/p>\n<p>Entre os vinhos selecionados que ser\u00e3o vendidos com 20% de desconto, destacam-se Alambre Moscatel de Set\u00fabal, Ferrari Maximum Ros\u00e9, Colom\u00e9 Estate e La Causa Gran Reserva Cinsault entre outros. \u00c0 venda nas Enotecas Decanter em todo o Brasil \u2013 em Bras\u00edlia, 103 Sul, Bloco &#8211; , e no site: <a href=\"https:\/\/www.decanter.com.br\/\">www.decanter.com.br<\/a>.<\/p>\n","protected":false},"excerpt":{"rendered":"<p>O conte\u00fado do poeta integra uma leva especial da bebida para ser dada de presente ao namorado ou namorada em comemora\u00e7\u00e3o ao dia 12 de junho Para assinalar o Dia dos Namorados, a Importadora Decanter pediu ao escritor ga\u00facho Fabr\u00edcio Carpinejar, autor de mais de 40 livros e vencedor de mais de 20 pr\u00eamios, quatro versos, como \u201cAmar \u00e9 ser [&hellip;]<\/p>\n","protected":false},"author":54,"featured_media":7099,"comment_status":"open","ping_status":"open","sticky":false,"template":"","format":"standard","meta":{"footnotes":""},"categories":[222],"tags":[72,784,425],"class_list":["post-7096","post","type-post","status-publish","format-standard","has-post-thumbnail","hentry","category-vinhos","tag-dia-dos-namorados","tag-fabricio-carpinejar","tag-vinhos"],"_links":{"self":[{"href":"https:\/\/blogs.correiobraziliense.com.br\/lianasabo\/wp-json\/wp\/v2\/posts\/7096","targetHints":{"allow":["GET"]}}],"collection":[{"href":"https:\/\/blogs.correiobraziliense.com.br\/lianasabo\/wp-json\/wp\/v2\/posts"}],"about":[{"href":"https:\/\/blogs.correiobraziliense.com.br\/lianasabo\/wp-json\/wp\/v2\/types\/post"}],"author":[{"embeddable":true,"href":"https:\/\/blogs.correiobraziliense.com.br\/lianasabo\/wp-json\/wp\/v2\/users\/54"}],"replies":[{"embeddable":true,"href":"https:\/\/blogs.correiobraziliense.com.br\/lianasabo\/wp-json\/wp\/v2\/comments?post=7096"}],"version-history":[{"count":1,"href":"https:\/\/blogs.correiobraziliense.com.br\/lianasabo\/wp-json\/wp\/v2\/posts\/7096\/revisions"}],"predecessor-version":[{"id":7100,"href":"https:\/\/blogs.correiobraziliense.com.br\/lianasabo\/wp-json\/wp\/v2\/posts\/7096\/revisions\/7100"}],"wp:featuredmedia":[{"embeddable":true,"href":"https:\/\/blogs.correiobraziliense.com.br\/lianasabo\/wp-json\/wp\/v2\/media\/7099"}],"wp:attachment":[{"href":"https:\/\/blogs.correiobraziliense.com.br\/lianasabo\/wp-json\/wp\/v2\/media?parent=7096"}],"wp:term":[{"taxonomy":"category","embeddable":true,"href":"https:\/\/blogs.correiobraziliense.com.br\/lianasabo\/wp-json\/wp\/v2\/categories?post=7096"},{"taxonomy":"post_tag","embeddable":true,"href":"https:\/\/blogs.correiobraziliense.com.br\/lianasabo\/wp-json\/wp\/v2\/tags?post=7096"}],"curies":[{"name":"wp","href":"https:\/\/api.w.org\/{rel}","templated":true}]}}