{"id":7059,"date":"2023-06-02T06:17:59","date_gmt":"2023-06-02T09:17:59","guid":{"rendered":"https:\/\/blogs.correiobraziliense.com.br\/lianasabo\/?p=7059"},"modified":"2023-06-01T20:29:54","modified_gmt":"2023-06-01T23:29:54","slug":"expotche-realiza-nova-edicao-valorizando-culinaria-gaucha","status":"publish","type":"post","link":"https:\/\/blogs.correiobraziliense.com.br\/lianasabo\/expotche-realiza-nova-edicao-valorizando-culinaria-gaucha\/","title":{"rendered":"Expotch\u00ea realiza nova edi\u00e7\u00e3o valorizando culin\u00e1ria ga\u00facha"},"content":{"rendered":"<p><em>A tradicional feira ter\u00e1 produtos gastron\u00f4micos t\u00edpicos do Rio Grande do Sul \u00e0 venda para o p\u00fablico presente<\/em><\/p>\n<p>Come\u00e7a hoje (2\/6) e vai at\u00e9 o domingo, 11 de junho, no Pavilh\u00e3o de Exposi\u00e7\u00f5es do Parque da Cidade, a Expotch\u00ea que chega a 30\u00aa edi\u00e7\u00e3o como a maior feira de artigos, produtos e cultura ga\u00facha fora do Rio Grande do Sul. Como em todos os anos &#8211; s\u00f3 n\u00e3o se realizou na pandemia &#8211; , o evento traz sabores t\u00edpicos do estado, como chocolates, embutidos, queijos, doces, geleias e muitos outros, al\u00e9m de bebidas.<\/p>\n<p>Destaque para a cerveja e chope, que ser\u00e3o apresentados no espa\u00e7o Tch\u00ea Bier, onde estar\u00e1 de volta a Carreta da Heineken, enquanto na Pra\u00e7a do Vinho, grifes como Casa Valduga, Garibaldi e Monte Reali servir\u00e3o mais de 100 r\u00f3tulos para o consumo do p\u00fablico em ta\u00e7as ou em garrafas, a pre\u00e7os especiais.<\/p>\n<p>Na Pra\u00e7a do P\u00e3o voc\u00ea vai poder se deliciar tamb\u00e9m com cucas quentinhas assadas na hora com recheios de morango, banana, abacaxi, coco e uva e na do chocolate ser\u00e1 montada uma ilha com o produto em barra de v\u00e1rios formatos, al\u00e9m da fondue de chocolate de Gramado. Funciona de segunda a sexta, das 16h \u00e0s 23h e aos s\u00e1bados e domingos das 11h \u00e0s 23h. Os ingressos custam R$ 40 a inteira e R$ 20 a meia entrada. Todos os dias na primeira hora a entrada \u00e9 franca e quem estiver pilchado (com a vestimenta ga\u00facha) tamb\u00e9m n\u00e3o paga para entrar.<\/p>\n","protected":false},"excerpt":{"rendered":"<p>A tradicional feira ter\u00e1 produtos gastron\u00f4micos t\u00edpicos do Rio Grande do Sul \u00e0 venda para o p\u00fablico presente Come\u00e7a hoje (2\/6) e vai at\u00e9 o domingo, 11 de junho, no Pavilh\u00e3o de Exposi\u00e7\u00f5es do Parque da Cidade, a Expotch\u00ea que chega a 30\u00aa edi\u00e7\u00e3o como a maior feira de artigos, produtos e cultura ga\u00facha fora do Rio Grande do Sul. [&hellip;]<\/p>\n","protected":false},"author":54,"featured_media":7060,"comment_status":"open","ping_status":"open","sticky":false,"template":"","format":"standard","meta":{"footnotes":""},"categories":[486],"tags":[468,448,571],"class_list":["post-7059","post","type-post","status-publish","format-standard","has-post-thumbnail","hentry","category-evento","tag-expotche","tag-feira","tag-parque-da-cidade"],"_links":{"self":[{"href":"https:\/\/blogs.correiobraziliense.com.br\/lianasabo\/wp-json\/wp\/v2\/posts\/7059","targetHints":{"allow":["GET"]}}],"collection":[{"href":"https:\/\/blogs.correiobraziliense.com.br\/lianasabo\/wp-json\/wp\/v2\/posts"}],"about":[{"href":"https:\/\/blogs.correiobraziliense.com.br\/lianasabo\/wp-json\/wp\/v2\/types\/post"}],"author":[{"embeddable":true,"href":"https:\/\/blogs.correiobraziliense.com.br\/lianasabo\/wp-json\/wp\/v2\/users\/54"}],"replies":[{"embeddable":true,"href":"https:\/\/blogs.correiobraziliense.com.br\/lianasabo\/wp-json\/wp\/v2\/comments?post=7059"}],"version-history":[{"count":3,"href":"https:\/\/blogs.correiobraziliense.com.br\/lianasabo\/wp-json\/wp\/v2\/posts\/7059\/revisions"}],"predecessor-version":[{"id":7068,"href":"https:\/\/blogs.correiobraziliense.com.br\/lianasabo\/wp-json\/wp\/v2\/posts\/7059\/revisions\/7068"}],"wp:featuredmedia":[{"embeddable":true,"href":"https:\/\/blogs.correiobraziliense.com.br\/lianasabo\/wp-json\/wp\/v2\/media\/7060"}],"wp:attachment":[{"href":"https:\/\/blogs.correiobraziliense.com.br\/lianasabo\/wp-json\/wp\/v2\/media?parent=7059"}],"wp:term":[{"taxonomy":"category","embeddable":true,"href":"https:\/\/blogs.correiobraziliense.com.br\/lianasabo\/wp-json\/wp\/v2\/categories?post=7059"},{"taxonomy":"post_tag","embeddable":true,"href":"https:\/\/blogs.correiobraziliense.com.br\/lianasabo\/wp-json\/wp\/v2\/tags?post=7059"}],"curies":[{"name":"wp","href":"https:\/\/api.w.org\/{rel}","templated":true}]}}