{"id":7035,"date":"2023-05-26T06:08:09","date_gmt":"2023-05-26T09:08:09","guid":{"rendered":"https:\/\/blogs.correiobraziliense.com.br\/lianasabo\/?p=7035"},"modified":"2023-05-25T23:34:03","modified_gmt":"2023-05-26T02:34:03","slug":"maratona-de-assados-no-brasas-festival","status":"publish","type":"post","link":"https:\/\/blogs.correiobraziliense.com.br\/lianasabo\/maratona-de-assados-no-brasas-festival\/","title":{"rendered":"Maratona de assados no Brasas Festival"},"content":{"rendered":"<p><em>Em sua segunda edi\u00e7\u00e3o, o evento\u00a0ter\u00e1 dois dias de evento com muito churrasco feito por grandes chefs churrasqueiros de todo o pai\u0301s, al\u00e9m de shows, bebidas e atividades infantis<\/em><\/p>\n<p>Com diversas t\u00e9cnicas na parrilla, no fogo de ch\u00e3o e no pit smokers cortes variados de carnes bovina, su\u00edna, de cordeiro, peixes e outras esp\u00e9cies ex\u00f3ticas ser\u00e3o assadas durante mais de nove horas por cerca de 30 churrasqueiros de todo o Brasil no Brasas, maior festival de churrasco de Bras\u00edlia, que realiza a segunda edi\u00e7\u00e3o no estacionamento 3 do Parque da Cidade amanh\u00e3 (27) e domingo (28). Alguns assadores s\u00e3o t\u00e3o conhecidos quanto artistas do rock. Como Jimmy Ogro, Paula Labaki, Vitor Bourguignon, Julia Carvalho, Adriano Geleia e muitos outros, alguns j\u00e1 estiveram aqui no ano passado.<\/p>\n<p>Voc\u00ea poder\u00e1 se servir livremente em qualquer estande com cortes que v\u00e3o da picanha ao t-bone, do chorizo ao franguinho, al\u00e9m de costelas e de acompanhamentos tamb\u00e9m assinados pelos chefs, entre eles, arroz carreteiro, farofas especiais, vinagrete, saladas e p\u00e3es. Ingressos podem ser adquiridos no aplicativo <a href=\"https:\/\/www.sympla.com.br\/evento\/brasas-festival-o-verdadeiro-prazer-em-comer-churrasco\/1840048\">Sympla<\/a> a partir de R$ 70 a meia entrada. Crian\u00e7as de at\u00e9 8 anos e idosos acima de 75 n\u00e3o pagam. Informa\u00e7\u00f5es: <a href=\"https:\/\/www.instagram.com\/brasasfestival\/\">@brasasfestival<\/a><\/p>\n","protected":false},"excerpt":{"rendered":"<p>Em sua segunda edi\u00e7\u00e3o, o evento\u00a0ter\u00e1 dois dias de evento com muito churrasco feito por grandes chefs churrasqueiros de todo o pai\u0301s, al\u00e9m de shows, bebidas e atividades infantis Com diversas t\u00e9cnicas na parrilla, no fogo de ch\u00e3o e no pit smokers cortes variados de carnes bovina, su\u00edna, de cordeiro, peixes e outras esp\u00e9cies ex\u00f3ticas ser\u00e3o assadas durante mais de [&hellip;]<\/p>\n","protected":false},"author":54,"featured_media":7043,"comment_status":"open","ping_status":"open","sticky":false,"template":"","format":"standard","meta":{"footnotes":""},"categories":[201],"tags":[773],"class_list":["post-7035","post","type-post","status-publish","format-standard","has-post-thumbnail","hentry","category-festival","tag-brasas-festival"],"_links":{"self":[{"href":"https:\/\/blogs.correiobraziliense.com.br\/lianasabo\/wp-json\/wp\/v2\/posts\/7035","targetHints":{"allow":["GET"]}}],"collection":[{"href":"https:\/\/blogs.correiobraziliense.com.br\/lianasabo\/wp-json\/wp\/v2\/posts"}],"about":[{"href":"https:\/\/blogs.correiobraziliense.com.br\/lianasabo\/wp-json\/wp\/v2\/types\/post"}],"author":[{"embeddable":true,"href":"https:\/\/blogs.correiobraziliense.com.br\/lianasabo\/wp-json\/wp\/v2\/users\/54"}],"replies":[{"embeddable":true,"href":"https:\/\/blogs.correiobraziliense.com.br\/lianasabo\/wp-json\/wp\/v2\/comments?post=7035"}],"version-history":[{"count":2,"href":"https:\/\/blogs.correiobraziliense.com.br\/lianasabo\/wp-json\/wp\/v2\/posts\/7035\/revisions"}],"predecessor-version":[{"id":7047,"href":"https:\/\/blogs.correiobraziliense.com.br\/lianasabo\/wp-json\/wp\/v2\/posts\/7035\/revisions\/7047"}],"wp:featuredmedia":[{"embeddable":true,"href":"https:\/\/blogs.correiobraziliense.com.br\/lianasabo\/wp-json\/wp\/v2\/media\/7043"}],"wp:attachment":[{"href":"https:\/\/blogs.correiobraziliense.com.br\/lianasabo\/wp-json\/wp\/v2\/media?parent=7035"}],"wp:term":[{"taxonomy":"category","embeddable":true,"href":"https:\/\/blogs.correiobraziliense.com.br\/lianasabo\/wp-json\/wp\/v2\/categories?post=7035"},{"taxonomy":"post_tag","embeddable":true,"href":"https:\/\/blogs.correiobraziliense.com.br\/lianasabo\/wp-json\/wp\/v2\/tags?post=7035"}],"curies":[{"name":"wp","href":"https:\/\/api.w.org\/{rel}","templated":true}]}}