{"id":7015,"date":"2023-05-19T18:51:02","date_gmt":"2023-05-19T21:51:02","guid":{"rendered":"https:\/\/blogs.correiobraziliense.com.br\/lianasabo\/?p=7015"},"modified":"2023-05-19T18:51:02","modified_gmt":"2023-05-19T21:51:02","slug":"samba-e-porco-neste-sabado-no-quintal-do-xamam","status":"publish","type":"post","link":"https:\/\/blogs.correiobraziliense.com.br\/lianasabo\/samba-e-porco-neste-sabado-no-quintal-do-xamam\/","title":{"rendered":"Samba e porco neste s\u00e1bado no Quintal do XAMAM"},"content":{"rendered":"<p><em>O restaurante e charcutaria realiza no dia 20 um projeto que mistura m\u00fasica e boa culin\u00e1ria<\/em><\/p>\n<p>A partir deste s\u00e1bado (20), das 12h \u00e0s 16h, o XAMAM Restaurante e Charcutaria (210 Sul) lan\u00e7a o projeto Quintal do XAMAM. A iniciativa consiste em um almo\u00e7o debaixo das \u00e1rvores na \u00e1rea externa do estabelecimento ao som de samba e pagode raiz de primeira qualidade.<\/p>\n<p>Para a ocasi\u00e3o ser\u00e3o servidos pelo valor de R$ 59,90 um prato com dois acompanhamentos, um molho e 300g de carne fatiadas na hora do porco no rolete. Entre as op\u00e7\u00f5es de acompanhamentos est\u00e3o arroz branco, arroz de biro biro, batata frita, farofa da casa, cole slaw, salada verde, feij\u00e3o tropeiro e salada de batatas. J\u00e1 os molhos dispon\u00edveis s\u00e3o chimichurri, barbecue e aioli.<\/p>\n<p>Mais informa\u00e7\u00f5es: (61) 98593-8593.<\/p>\n","protected":false},"excerpt":{"rendered":"<p>O restaurante e charcutaria realiza no dia 20 um projeto que mistura m\u00fasica e boa culin\u00e1ria A partir deste s\u00e1bado (20), das 12h \u00e0s 16h, o XAMAM Restaurante e Charcutaria (210 Sul) lan\u00e7a o projeto Quintal do XAMAM. A iniciativa consiste em um almo\u00e7o debaixo das \u00e1rvores na \u00e1rea externa do estabelecimento ao som de samba e pagode raiz de [&hellip;]<\/p>\n","protected":false},"author":54,"featured_media":7016,"comment_status":"open","ping_status":"open","sticky":false,"template":"","format":"standard","meta":{"footnotes":""},"categories":[486],"tags":[769],"class_list":["post-7015","post","type-post","status-publish","format-standard","has-post-thumbnail","hentry","category-evento","tag-xamam"],"_links":{"self":[{"href":"https:\/\/blogs.correiobraziliense.com.br\/lianasabo\/wp-json\/wp\/v2\/posts\/7015","targetHints":{"allow":["GET"]}}],"collection":[{"href":"https:\/\/blogs.correiobraziliense.com.br\/lianasabo\/wp-json\/wp\/v2\/posts"}],"about":[{"href":"https:\/\/blogs.correiobraziliense.com.br\/lianasabo\/wp-json\/wp\/v2\/types\/post"}],"author":[{"embeddable":true,"href":"https:\/\/blogs.correiobraziliense.com.br\/lianasabo\/wp-json\/wp\/v2\/users\/54"}],"replies":[{"embeddable":true,"href":"https:\/\/blogs.correiobraziliense.com.br\/lianasabo\/wp-json\/wp\/v2\/comments?post=7015"}],"version-history":[{"count":1,"href":"https:\/\/blogs.correiobraziliense.com.br\/lianasabo\/wp-json\/wp\/v2\/posts\/7015\/revisions"}],"predecessor-version":[{"id":7017,"href":"https:\/\/blogs.correiobraziliense.com.br\/lianasabo\/wp-json\/wp\/v2\/posts\/7015\/revisions\/7017"}],"wp:featuredmedia":[{"embeddable":true,"href":"https:\/\/blogs.correiobraziliense.com.br\/lianasabo\/wp-json\/wp\/v2\/media\/7016"}],"wp:attachment":[{"href":"https:\/\/blogs.correiobraziliense.com.br\/lianasabo\/wp-json\/wp\/v2\/media?parent=7015"}],"wp:term":[{"taxonomy":"category","embeddable":true,"href":"https:\/\/blogs.correiobraziliense.com.br\/lianasabo\/wp-json\/wp\/v2\/categories?post=7015"},{"taxonomy":"post_tag","embeddable":true,"href":"https:\/\/blogs.correiobraziliense.com.br\/lianasabo\/wp-json\/wp\/v2\/tags?post=7015"}],"curies":[{"name":"wp","href":"https:\/\/api.w.org\/{rel}","templated":true}]}}