{"id":7011,"date":"2023-05-19T18:42:14","date_gmt":"2023-05-19T21:42:14","guid":{"rendered":"https:\/\/blogs.correiobraziliense.com.br\/lianasabo\/?p=7011"},"modified":"2023-05-22T16:19:32","modified_gmt":"2023-05-22T19:19:32","slug":"conheca-os-vencedores-do-comida-di-buteco-brasilia-2023","status":"publish","type":"post","link":"https:\/\/blogs.correiobraziliense.com.br\/lianasabo\/conheca-os-vencedores-do-comida-di-buteco-brasilia-2023\/","title":{"rendered":"Conhe\u00e7a os vencedores do Comida di Buteco Bras\u00edlia 2023"},"content":{"rendered":"<p><em>Petisco de kafta com carne su\u00edna do Bem Amigos Bar conquistou o p\u00fablico e venceu o concurso Comida di Buteco, premiando o estabelecimento pela terceira vez<\/em><\/p>\n<p>Ap\u00f3s quase um m\u00eas de dura\u00e7\u00e3o, o Comida di Buteco Bras\u00edlia revelou os vencedores da edi\u00e7\u00e3o de 2023, a nona da hist\u00f3ria da premia\u00e7\u00e3o. O primeiro lugar ficou com o Bem Amigos Bar, localizado no Riacho Fundo. O estabelecimento conquistou o tricampeoanato na premia\u00e7\u00e3o e a oportunidade de representar Bras\u00edlia na etapa nacional do concurso.<\/p>\n<p>O petisco que garantiu o resultado ao restaurante foi o croquete do Man\u00e9 feito de kafta com carne su\u00edna, bacon crispy, couve crocante e queijo provolone. &#8220;Estamos todos muito emocionados e felizes! Passamos madrugadas trabalhando, sonhando e fazendo acontecer, s\u00f3 assim alcan\u00e7amos a recompensa&#8221;, comemoraram os propriet\u00e1rios Elvis e Eder Nascimento.<\/p>\n<figure id=\"attachment_7012\" aria-describedby=\"caption-attachment-7012\" style=\"width: 800px\" class=\"wp-caption aligncenter\"><a href=\"https:\/\/blogs.correiobraziliense.com.br\/lianasabo\/wp-content\/uploads\/sites\/25\/2023\/05\/Bem-amigos-bar-Eder-e-Elvis-Nascimento.jpg\"><img loading=\"lazy\" decoding=\"async\" class=\"size-full wp-image-7012\" src=\"https:\/\/blogs.correiobraziliense.com.br\/lianasabo\/wp-content\/uploads\/sites\/25\/2023\/05\/Bem-amigos-bar-Eder-e-Elvis-Nascimento.jpg\" alt=\"\" width=\"800\" height=\"533\" srcset=\"https:\/\/blogs.correiobraziliense.com.br\/lianasabo\/wp-content\/uploads\/sites\/25\/2023\/05\/Bem-amigos-bar-Eder-e-Elvis-Nascimento.jpg 800w, https:\/\/blogs.correiobraziliense.com.br\/lianasabo\/wp-content\/uploads\/sites\/25\/2023\/05\/Bem-amigos-bar-Eder-e-Elvis-Nascimento-300x200.jpg 300w, https:\/\/blogs.correiobraziliense.com.br\/lianasabo\/wp-content\/uploads\/sites\/25\/2023\/05\/Bem-amigos-bar-Eder-e-Elvis-Nascimento-768x512.jpg 768w, https:\/\/blogs.correiobraziliense.com.br\/lianasabo\/wp-content\/uploads\/sites\/25\/2023\/05\/Bem-amigos-bar-Eder-e-Elvis-Nascimento-550x366.jpg 550w, https:\/\/blogs.correiobraziliense.com.br\/lianasabo\/wp-content\/uploads\/sites\/25\/2023\/05\/Bem-amigos-bar-Eder-e-Elvis-Nascimento-230x153.jpg 230w\" sizes=\"auto, (max-width: 800px) 100vw, 800px\" \/><\/a><figcaption id=\"caption-attachment-7012\" class=\"wp-caption-text\">Elvis e Eder Nascimento, propriet\u00e1rios do Bem Amigos Bar. Cr\u00e9dito: Raphael Ribeiro\/Divulga\u00e7\u00e3o<\/figcaption><\/figure>\n<p>J\u00e1 a segunda coloca\u00e7\u00e3o ficou com o Palorama, em Sobradinho. A casa apresentou o petisto perdidos em Bras\u00edlia, uma croqueta espanhola com recheio de salm\u00e3o, acompanhada de maionese de ervas. J\u00e1 o terceiro lugar saiu para o Quiosque do Nem, no Guar\u00e1, com o prato que abobrinha \u00e9 essa?, uma abobrinha com costelinha defumada.<\/p>\n<p><strong>Etapa nacional<\/strong><\/p>\n<p>O Bem Amigos Bar participa da etapa nacional, quando os campe\u00f5es de cada circuito ser\u00e3o avaliados por outro corpo de jurados para que seja eleito o melhor buteco do Brasil. A premia\u00e7\u00e3o ocorre em julho, em uma festa realizada em S\u00e3o Paulo.<\/p>\n","protected":false},"excerpt":{"rendered":"<p>Petisco de kafta com carne su\u00edna do Bem Amigos Bar conquistou o p\u00fablico e venceu o concurso Comida di Buteco, premiando o estabelecimento pela terceira vez Ap\u00f3s quase um m\u00eas de dura\u00e7\u00e3o, o Comida di Buteco Bras\u00edlia revelou os vencedores da edi\u00e7\u00e3o de 2023, a nona da hist\u00f3ria da premia\u00e7\u00e3o. O primeiro lugar ficou com o Bem Amigos Bar, localizado [&hellip;]<\/p>\n","protected":false},"author":54,"featured_media":7013,"comment_status":"open","ping_status":"open","sticky":false,"template":"","format":"standard","meta":{"footnotes":""},"categories":[426],"tags":[768,205,440,755,767],"class_list":["post-7011","post","type-post","status-publish","format-standard","has-post-thumbnail","hentry","category-festival-gastronomico","tag-bem-amigos-bar","tag-comida-di-buteco","tag-concurso","tag-premiacao","tag-resultado"],"_links":{"self":[{"href":"https:\/\/blogs.correiobraziliense.com.br\/lianasabo\/wp-json\/wp\/v2\/posts\/7011","targetHints":{"allow":["GET"]}}],"collection":[{"href":"https:\/\/blogs.correiobraziliense.com.br\/lianasabo\/wp-json\/wp\/v2\/posts"}],"about":[{"href":"https:\/\/blogs.correiobraziliense.com.br\/lianasabo\/wp-json\/wp\/v2\/types\/post"}],"author":[{"embeddable":true,"href":"https:\/\/blogs.correiobraziliense.com.br\/lianasabo\/wp-json\/wp\/v2\/users\/54"}],"replies":[{"embeddable":true,"href":"https:\/\/blogs.correiobraziliense.com.br\/lianasabo\/wp-json\/wp\/v2\/comments?post=7011"}],"version-history":[{"count":2,"href":"https:\/\/blogs.correiobraziliense.com.br\/lianasabo\/wp-json\/wp\/v2\/posts\/7011\/revisions"}],"predecessor-version":[{"id":7018,"href":"https:\/\/blogs.correiobraziliense.com.br\/lianasabo\/wp-json\/wp\/v2\/posts\/7011\/revisions\/7018"}],"wp:featuredmedia":[{"embeddable":true,"href":"https:\/\/blogs.correiobraziliense.com.br\/lianasabo\/wp-json\/wp\/v2\/media\/7013"}],"wp:attachment":[{"href":"https:\/\/blogs.correiobraziliense.com.br\/lianasabo\/wp-json\/wp\/v2\/media?parent=7011"}],"wp:term":[{"taxonomy":"category","embeddable":true,"href":"https:\/\/blogs.correiobraziliense.com.br\/lianasabo\/wp-json\/wp\/v2\/categories?post=7011"},{"taxonomy":"post_tag","embeddable":true,"href":"https:\/\/blogs.correiobraziliense.com.br\/lianasabo\/wp-json\/wp\/v2\/tags?post=7011"}],"curies":[{"name":"wp","href":"https:\/\/api.w.org\/{rel}","templated":true}]}}