{"id":6988,"date":"2023-05-19T06:41:28","date_gmt":"2023-05-19T09:41:28","guid":{"rendered":"https:\/\/blogs.correiobraziliense.com.br\/lianasabo\/?p=6988"},"modified":"2023-05-18T23:44:41","modified_gmt":"2023-05-19T02:44:41","slug":"comecou-a-17a-edicao-do-festival-brasil-sabor","status":"publish","type":"post","link":"https:\/\/blogs.correiobraziliense.com.br\/lianasabo\/comecou-a-17a-edicao-do-festival-brasil-sabor\/","title":{"rendered":"Come\u00e7ou a 17\u00aa edi\u00e7\u00e3o do Festival Brasil Sabor"},"content":{"rendered":"<p><em>Neste ano, o evento ser\u00e1 de 18 de maio a 4 de junho com a participa\u00e7\u00e3o de mais de 80 estabelecimentos celebrando o tema &#8220;Brasil de todas as cores&#8221;<\/em><\/p>\n<p>Ser\u00e1 imposs\u00edvel experimentar todos os pratos oferecidos em mais uma edi\u00e7\u00e3o do Festival Brasil Sabor, que come\u00e7ou ontem (18) e vai at\u00e9 o domingo, 4 de junho, em 83 estabelecimentos da cidade reunidos pela Abrasel na 17\u00aa rodada do evento, que tamb\u00e9m se realiza em mais 15 cidades brasileiras. A n\u00e3o ser que voc\u00ea compartilhe as escolhas com os amigos e familiares, j\u00e1 que o festival se tornou h\u00edbrido, poder\u00e1 pedir delivery al\u00e9m de ir comer no restaurante.<\/p>\n<p>Para dar destaque aos ingredientes regionais, busca que sempre inspirou o evento, o tema deste ano \u00e9 Brasil de todas as cores. E voc\u00ea poder\u00e1 interagir tirando fotos dos pratos para divulgar na hashtag #Brasilsabor. Os pre\u00e7os est\u00e3o divididos em quatro faixas: R$ 29, R$ 49, R$ 69 e R$ 89.<\/p>\n<p>N\u00e3o s\u00f3 casas do Plano Piloto aderiram \u00e0 programa\u00e7\u00e3o, mas tamb\u00e9m das regi\u00f5es pr\u00f3ximas, como o Gama. L\u00e1, na QI 3, Lote 220 do Setor Industrial, o Supremo Restaurante est\u00e1 servindo ossobuco marinado em especiarias e cerveja preta, cozido lentamente at\u00e9 chegar \u00e0 maciez exigida, escoltado de polenta cremosa e farofa crocante de panko acompanhado de arroz branco por R$ 69. Veja a lista de quem participa: <a href=\"http:\/\/www.brasilsabor.com.br\">www.brasilsabor.com.br<\/a><\/p>\n","protected":false},"excerpt":{"rendered":"<p>Neste ano, o evento ser\u00e1 de 18 de maio a 4 de junho com a participa\u00e7\u00e3o de mais de 80 estabelecimentos celebrando o tema &#8220;Brasil de todas as cores&#8221; Ser\u00e1 imposs\u00edvel experimentar todos os pratos oferecidos em mais uma edi\u00e7\u00e3o do Festival Brasil Sabor, que come\u00e7ou ontem (18) e vai at\u00e9 o domingo, 4 de junho, em 83 estabelecimentos da [&hellip;]<\/p>\n","protected":false},"author":54,"featured_media":6992,"comment_status":"open","ping_status":"open","sticky":false,"template":"","format":"standard","meta":{"footnotes":""},"categories":[201],"tags":[363,32],"class_list":["post-6988","post","type-post","status-publish","format-standard","has-post-thumbnail","hentry","category-festival","tag-evento","tag-festival-brasil-sabor"],"_links":{"self":[{"href":"https:\/\/blogs.correiobraziliense.com.br\/lianasabo\/wp-json\/wp\/v2\/posts\/6988","targetHints":{"allow":["GET"]}}],"collection":[{"href":"https:\/\/blogs.correiobraziliense.com.br\/lianasabo\/wp-json\/wp\/v2\/posts"}],"about":[{"href":"https:\/\/blogs.correiobraziliense.com.br\/lianasabo\/wp-json\/wp\/v2\/types\/post"}],"author":[{"embeddable":true,"href":"https:\/\/blogs.correiobraziliense.com.br\/lianasabo\/wp-json\/wp\/v2\/users\/54"}],"replies":[{"embeddable":true,"href":"https:\/\/blogs.correiobraziliense.com.br\/lianasabo\/wp-json\/wp\/v2\/comments?post=6988"}],"version-history":[{"count":1,"href":"https:\/\/blogs.correiobraziliense.com.br\/lianasabo\/wp-json\/wp\/v2\/posts\/6988\/revisions"}],"predecessor-version":[{"id":6989,"href":"https:\/\/blogs.correiobraziliense.com.br\/lianasabo\/wp-json\/wp\/v2\/posts\/6988\/revisions\/6989"}],"wp:featuredmedia":[{"embeddable":true,"href":"https:\/\/blogs.correiobraziliense.com.br\/lianasabo\/wp-json\/wp\/v2\/media\/6992"}],"wp:attachment":[{"href":"https:\/\/blogs.correiobraziliense.com.br\/lianasabo\/wp-json\/wp\/v2\/media?parent=6988"}],"wp:term":[{"taxonomy":"category","embeddable":true,"href":"https:\/\/blogs.correiobraziliense.com.br\/lianasabo\/wp-json\/wp\/v2\/categories?post=6988"},{"taxonomy":"post_tag","embeddable":true,"href":"https:\/\/blogs.correiobraziliense.com.br\/lianasabo\/wp-json\/wp\/v2\/tags?post=6988"}],"curies":[{"name":"wp","href":"https:\/\/api.w.org\/{rel}","templated":true}]}}