{"id":6964,"date":"2023-05-12T06:59:34","date_gmt":"2023-05-12T09:59:34","guid":{"rendered":"https:\/\/blogs.correiobraziliense.com.br\/lianasabo\/?p=6964"},"modified":"2023-05-12T06:59:34","modified_gmt":"2023-05-12T09:59:34","slug":"confira-as-feiras-gastronomicas-do-fim-de-semana","status":"publish","type":"post","link":"https:\/\/blogs.correiobraziliense.com.br\/lianasabo\/confira-as-feiras-gastronomicas-do-fim-de-semana\/","title":{"rendered":"Confira as feiras gastron\u00f4micas do fim de semana"},"content":{"rendered":"<p>O CCBB abre espa\u00e7o amanh\u00e3 (13) para o antigo Bazar Europeu, que agora se chama Festival Cultural Europeu, no qual a gastronomia est\u00e1 bem representada. Destaque para o estande da Embaixada da Alemanha, que abriga ainda o Goethe Zentrum e a Casa da Esperan\u00e7a, institui\u00e7\u00e3o luterana beneficente localizada no Setor P, respons\u00e1vel pela produ\u00e7\u00e3o de iguarias germ\u00e2nicas, como a Apfelstrudel (torta de ma\u00e7\u00e3), cucas, Bretzel e torta alem\u00e3. Funciona no hor\u00e1rio entre 11h e 18h.<\/p>\n<p>J\u00e1 no final da Asa Sul (215) ao lado de A Garrafeira, a feira que leva o nome da loja de vinhos, vai funcionar tamb\u00e9m \u00e0 tarde, at\u00e9 \u00e0s 17h para permitir mais tempo na escolha do presente para as m\u00e3es. De petiscos, chocolates, doces, salgados e caf\u00e9 a produtos artesanais e industrializados da Casa Valduga, como os que comp\u00f5em linda cesta que ser\u00e1 sorteada entre os clientes. Informa\u00e7\u00f5es: 99555-6643.<\/p>\n","protected":false},"excerpt":{"rendered":"<p>O CCBB abre espa\u00e7o amanh\u00e3 (13) para o antigo Bazar Europeu, que agora se chama Festival Cultural Europeu, no qual a gastronomia est\u00e1 bem representada. Destaque para o estande da Embaixada da Alemanha, que abriga ainda o Goethe Zentrum e a Casa da Esperan\u00e7a, institui\u00e7\u00e3o luterana beneficente localizada no Setor P, respons\u00e1vel pela produ\u00e7\u00e3o de iguarias germ\u00e2nicas, como a Apfelstrudel [&hellip;]<\/p>\n","protected":false},"author":54,"featured_media":6965,"comment_status":"open","ping_status":"open","sticky":false,"template":"","format":"standard","meta":{"footnotes":""},"categories":[1],"tags":[],"class_list":["post-6964","post","type-post","status-publish","format-standard","has-post-thumbnail","hentry","category-sem-categoria"],"_links":{"self":[{"href":"https:\/\/blogs.correiobraziliense.com.br\/lianasabo\/wp-json\/wp\/v2\/posts\/6964","targetHints":{"allow":["GET"]}}],"collection":[{"href":"https:\/\/blogs.correiobraziliense.com.br\/lianasabo\/wp-json\/wp\/v2\/posts"}],"about":[{"href":"https:\/\/blogs.correiobraziliense.com.br\/lianasabo\/wp-json\/wp\/v2\/types\/post"}],"author":[{"embeddable":true,"href":"https:\/\/blogs.correiobraziliense.com.br\/lianasabo\/wp-json\/wp\/v2\/users\/54"}],"replies":[{"embeddable":true,"href":"https:\/\/blogs.correiobraziliense.com.br\/lianasabo\/wp-json\/wp\/v2\/comments?post=6964"}],"version-history":[{"count":1,"href":"https:\/\/blogs.correiobraziliense.com.br\/lianasabo\/wp-json\/wp\/v2\/posts\/6964\/revisions"}],"predecessor-version":[{"id":6966,"href":"https:\/\/blogs.correiobraziliense.com.br\/lianasabo\/wp-json\/wp\/v2\/posts\/6964\/revisions\/6966"}],"wp:featuredmedia":[{"embeddable":true,"href":"https:\/\/blogs.correiobraziliense.com.br\/lianasabo\/wp-json\/wp\/v2\/media\/6965"}],"wp:attachment":[{"href":"https:\/\/blogs.correiobraziliense.com.br\/lianasabo\/wp-json\/wp\/v2\/media?parent=6964"}],"wp:term":[{"taxonomy":"category","embeddable":true,"href":"https:\/\/blogs.correiobraziliense.com.br\/lianasabo\/wp-json\/wp\/v2\/categories?post=6964"},{"taxonomy":"post_tag","embeddable":true,"href":"https:\/\/blogs.correiobraziliense.com.br\/lianasabo\/wp-json\/wp\/v2\/tags?post=6964"}],"curies":[{"name":"wp","href":"https:\/\/api.w.org\/{rel}","templated":true}]}}