{"id":6941,"date":"2023-05-08T13:55:43","date_gmt":"2023-05-08T16:55:43","guid":{"rendered":"https:\/\/blogs.correiobraziliense.com.br\/lianasabo\/?p=6941"},"modified":"2023-05-08T13:55:43","modified_gmt":"2023-05-08T16:55:43","slug":"panela-candanga-especial-dia-das-maes-tera-aulas-shows-tematicas","status":"publish","type":"post","link":"https:\/\/blogs.correiobraziliense.com.br\/lianasabo\/panela-candanga-especial-dia-das-maes-tera-aulas-shows-tematicas\/","title":{"rendered":"Panela Candanga especial Dia das M\u00e3es ter\u00e1 aulas-shows tem\u00e1ticas"},"content":{"rendered":"<p><span style=\"font-weight: 400\">O evento Panela Candanga chega \u00e0 11\u00aa edi\u00e7\u00e3o em maio celebrando o Dia das M\u00e3es. Entre os dias 11 e 14, a feira ocorre na Pra\u00e7a Central do Casapark com a participa\u00e7\u00e3o de 27 expositores de produtos gastron\u00f4micos e a realiza\u00e7\u00e3o de quatro aulas-shows.<\/span><\/p>\n<p><span style=\"font-weight: 400\">Est\u00e3o expondo os seguintes empreendimentos: Ad\u00ea Culin\u00e1ria Saud\u00e1vel, Api\u00e1rio dos Sonhos, Caf\u00e9 Honesta, Capital Emp\u00f3rio &#8211; Queijos Artesanais, Chef David Lemberger &#8211; Caramelos Belgas, Chimichurri + Costumes Argentinas, De Planta, Dolci Cake Shop, Exclusivo Brownie, Fine N&#8217; Rolls, Goy\u00e1s Defumados, Ju Vaz Sweet Life, Leo Cacau de Origem, Molhos Artesanais Curitiba, Pa\u00e7ocarne, P\u00e3o de Queijo Di Minas, Pi\u00f1on Torroneria, Pudim dos Anjos, Q Suculentos Antepastos, Quero Pipoca Gourmet, Renata Dias Vegan Patisserie, Saholi Ch\u00e1s Blends, Vicentin Artesanais, Wanna Brie &#8211; Queijaria Viva Vegetal, Wine Day Group, Doces Gigante Tenta\u00e7\u00e3o e O Tuga &#8211; Culin\u00e1ria Lusitana.<\/span><\/p>\n<p><a href=\"https:\/\/blogs.correiobraziliense.com.br\/lianasabo\/wp-content\/uploads\/sites\/25\/2023\/05\/panela-candanga.jpg\"><img loading=\"lazy\" decoding=\"async\" class=\"aligncenter size-full wp-image-6943\" src=\"https:\/\/blogs.correiobraziliense.com.br\/lianasabo\/wp-content\/uploads\/sites\/25\/2023\/05\/panela-candanga.jpg\" alt=\"\" width=\"741\" height=\"676\" srcset=\"https:\/\/blogs.correiobraziliense.com.br\/lianasabo\/wp-content\/uploads\/sites\/25\/2023\/05\/panela-candanga.jpg 741w, https:\/\/blogs.correiobraziliense.com.br\/lianasabo\/wp-content\/uploads\/sites\/25\/2023\/05\/panela-candanga-300x274.jpg 300w, https:\/\/blogs.correiobraziliense.com.br\/lianasabo\/wp-content\/uploads\/sites\/25\/2023\/05\/panela-candanga-550x502.jpg 550w, https:\/\/blogs.correiobraziliense.com.br\/lianasabo\/wp-content\/uploads\/sites\/25\/2023\/05\/panela-candanga-230x210.jpg 230w\" sizes=\"auto, (max-width: 741px) 100vw, 741px\" \/><\/a><\/p>\n<p><span style=\"font-weight: 400\">Com temas distintos, as aulas abordar\u00e3o bem-estar e gastronomia. Na quinta-feira, \u00e0s 19h, a sommelier de ch\u00e1s Dalila Santos (<a href=\"https:\/\/www.instagram.com\/senhoradocha\/\">@senhoradocha<\/a>) e a Tea Shop promovem o workshop \u201cCh\u00e1, um convite para o bem-estar: Primeiro passos\u201d. Na sexta, \u00e0s 19h, \u00e9 a vez de Ana Mac e Wanna Brie Queijaria Viva abordarem o assunto \u201cQueijos vivos e fermentados: Conhe\u00e7a e aprenda sobre essa grande tend\u00eancia na alimenta\u00e7\u00e3o natural&#8221;.<\/span><\/p>\n<p><span style=\"font-weight: 400\">No s\u00e1bado, a partir das 14h, L\u00e9o Soares e Sara Scholze, da L\u00e9o Cacau de Origem, comandam a aula \u201cChocolates artesanais brasileiros: A import\u00e2ncia de conhecer e\u00a0<\/span><span style=\"font-weight: 400\">valorizar quem os produz\u201d. No \u00faltimo dia, tamb\u00e9m \u00e0s 14h, Sergio Martins, coordenador e barista no Acervo Caf\u00e9, fala sobre \u201cCaf\u00e9s especiais brasileiros de alta qualidade\u201d.<\/span><\/p>\n<p><span style=\"font-weight: 400\">Com entrada franca, a Panela Candanga funcionar\u00e1 de quinta a s\u00e1bado, das 12h \u00e0s 21h30, e no domingo, das 12h \u00e0s 20h. Para participar das aulas \u00e9 preciso se inscrever pelo site <a href=\"https:\/\/www.sympla.com.br\/evento\/feira-panela-candanga-especial-dia-das-maes\/1978579?_gl=1*1eob4hm*_ga*MTU3NDc5NDQ3MC4xNjc5NDIwNTUw*_ga_KXH10SQTZF*MTY4MzExNzk2MS42LjEuMTY4MzEyMTk0MC4wLjAuMA..&amp;share_id=copiarlink&amp;share_id=copiarlink\">Sympla<\/a>. O Casapark fica no SGCV Lote 22, Park Sul \u2013 Bras\u00edlia. Telefone: (61) 3403-5300.<\/span><\/p>\n","protected":false},"excerpt":{"rendered":"<p>O evento Panela Candanga chega \u00e0 11\u00aa edi\u00e7\u00e3o em maio celebrando o Dia das M\u00e3es. Entre os dias 11 e 14, a feira ocorre na Pra\u00e7a Central do Casapark com a participa\u00e7\u00e3o de 27 expositores de produtos gastron\u00f4micos e a realiza\u00e7\u00e3o de quatro aulas-shows. Est\u00e3o expondo os seguintes empreendimentos: Ad\u00ea Culin\u00e1ria Saud\u00e1vel, Api\u00e1rio dos Sonhos, Caf\u00e9 Honesta, Capital Emp\u00f3rio &#8211; [&hellip;]<\/p>\n","protected":false},"author":54,"featured_media":6942,"comment_status":"open","ping_status":"open","sticky":false,"template":"","format":"standard","meta":{"footnotes":""},"categories":[201],"tags":[103,36],"class_list":["post-6941","post","type-post","status-publish","format-standard","has-post-thumbnail","hentry","category-festival","tag-dia-das-maes","tag-panela-candanga"],"_links":{"self":[{"href":"https:\/\/blogs.correiobraziliense.com.br\/lianasabo\/wp-json\/wp\/v2\/posts\/6941","targetHints":{"allow":["GET"]}}],"collection":[{"href":"https:\/\/blogs.correiobraziliense.com.br\/lianasabo\/wp-json\/wp\/v2\/posts"}],"about":[{"href":"https:\/\/blogs.correiobraziliense.com.br\/lianasabo\/wp-json\/wp\/v2\/types\/post"}],"author":[{"embeddable":true,"href":"https:\/\/blogs.correiobraziliense.com.br\/lianasabo\/wp-json\/wp\/v2\/users\/54"}],"replies":[{"embeddable":true,"href":"https:\/\/blogs.correiobraziliense.com.br\/lianasabo\/wp-json\/wp\/v2\/comments?post=6941"}],"version-history":[{"count":1,"href":"https:\/\/blogs.correiobraziliense.com.br\/lianasabo\/wp-json\/wp\/v2\/posts\/6941\/revisions"}],"predecessor-version":[{"id":6944,"href":"https:\/\/blogs.correiobraziliense.com.br\/lianasabo\/wp-json\/wp\/v2\/posts\/6941\/revisions\/6944"}],"wp:featuredmedia":[{"embeddable":true,"href":"https:\/\/blogs.correiobraziliense.com.br\/lianasabo\/wp-json\/wp\/v2\/media\/6942"}],"wp:attachment":[{"href":"https:\/\/blogs.correiobraziliense.com.br\/lianasabo\/wp-json\/wp\/v2\/media?parent=6941"}],"wp:term":[{"taxonomy":"category","embeddable":true,"href":"https:\/\/blogs.correiobraziliense.com.br\/lianasabo\/wp-json\/wp\/v2\/categories?post=6941"},{"taxonomy":"post_tag","embeddable":true,"href":"https:\/\/blogs.correiobraziliense.com.br\/lianasabo\/wp-json\/wp\/v2\/tags?post=6941"}],"curies":[{"name":"wp","href":"https:\/\/api.w.org\/{rel}","templated":true}]}}