{"id":6907,"date":"2023-05-04T16:45:58","date_gmt":"2023-05-04T19:45:58","guid":{"rendered":"https:\/\/blogs.correiobraziliense.com.br\/lianasabo\/?p=6907"},"modified":"2023-05-04T16:45:58","modified_gmt":"2023-05-04T19:45:58","slug":"obras-culturais-inspiram-receitas-de-aulas-de-projeto-gastronomico","status":"publish","type":"post","link":"https:\/\/blogs.correiobraziliense.com.br\/lianasabo\/obras-culturais-inspiram-receitas-de-aulas-de-projeto-gastronomico\/","title":{"rendered":"Obras culturais inspiram receitas de aulas de projeto gastron\u00f4mico"},"content":{"rendered":"<p>A chef Nat\u00e1lia S\u00e1vio est\u00e1 \u00e0 frente do projeto <em>Gastronomia no Ritmo das Linguagens Culturais<\/em>. A iniciativa relaciona a culin\u00e1ria \u00e0 m\u00fasica, literatura, cinema e artes visuais por meio de receitas a serem ensinadas em aulas gratuitas. Os encontros ocorrem sempre aos s\u00e1bados, \u00e0s 16h, no espa\u00e7o A Banka (Qd. 10, Bloco A, Cruzeiro Velho).<\/p>\n<p>No pr\u00f3ximo s\u00e1bado (6\/5), a base da aula \u00e9 o quadro <em>Urutu ou O Ovo<\/em>, de Tarsila de Amaral. Na ocasi\u00e3o, Nat\u00e1lia S\u00e1vio recebe Ant\u00f4nio Leit\u00e3o, artista pl\u00e1stico, para debater a obra de arte e ensinar os in\u00fameros modos em que o ovo pode ser preparado, destacando receitas da regi\u00e3o Norte.<\/p>\n<p>No dia 13 \u00e9 a vez da poetisa Ana Maria Freitas Coelho participar da aula, quando ser\u00e1 preparado um menu de doce baseado no poema <em>Todas as vidas<\/em>, de Cora Coralina e na culin\u00e1ria do Centro-Oeste.<\/p>\n<p>No dia 20, a m\u00fasica <em>Tropicana<\/em>, de Alceu Valen\u00e7a, servir\u00e1 de refer\u00eancia para a receita de salada tropical na cad\u00eancia pernambucana, representando o Nordeste. O convidado do dia \u00e9 o m\u00fasico Kekeu Arag\u00e3o.<\/p>\n<p>O encerramento ser\u00e1 em 6 de junho celebrando o longa-metragem <em>Est\u00f4mago<\/em> (2007), de Marcos Jorge. Com participa\u00e7\u00e3o da cineasta Cristina Moys\u00e9s, os alunos poder\u00e3o conferir uma receita de macarr\u00e3o a carbonara, tal qual o personagem Raimundo (Jo\u00e3o Miguel) prepara no filme.<\/p>\n<p>O projeto conta com apoio do Fundo de Apoio \u00e0 Cultura (FAC), da Secretaria de Cultura e Economia Criativa do Distrito Federal do Governo do Distrito Federal. O evento \u00e9 acess\u00edvel com int\u00e9rprete de Libras e audiodescri\u00e7\u00e3o. Mais informa\u00e7\u00f5es: gastronomiacomocultura@gmail.com.<\/p>\n","protected":false},"excerpt":{"rendered":"<p>A chef Nat\u00e1lia S\u00e1vio est\u00e1 \u00e0 frente do projeto Gastronomia no Ritmo das Linguagens Culturais. A iniciativa relaciona a culin\u00e1ria \u00e0 m\u00fasica, literatura, cinema e artes visuais por meio de receitas a serem ensinadas em aulas gratuitas. Os encontros ocorrem sempre aos s\u00e1bados, \u00e0s 16h, no espa\u00e7o A Banka (Qd. 10, Bloco A, Cruzeiro Velho). No pr\u00f3ximo s\u00e1bado (6\/5), a [&hellip;]<\/p>\n","protected":false},"author":54,"featured_media":6908,"comment_status":"open","ping_status":"open","sticky":false,"template":"","format":"standard","meta":{"footnotes":""},"categories":[486],"tags":[752],"class_list":["post-6907","post","type-post","status-publish","format-standard","has-post-thumbnail","hentry","category-evento","tag-gastronomia-no-ritmo-das-linguagens-culturais"],"_links":{"self":[{"href":"https:\/\/blogs.correiobraziliense.com.br\/lianasabo\/wp-json\/wp\/v2\/posts\/6907","targetHints":{"allow":["GET"]}}],"collection":[{"href":"https:\/\/blogs.correiobraziliense.com.br\/lianasabo\/wp-json\/wp\/v2\/posts"}],"about":[{"href":"https:\/\/blogs.correiobraziliense.com.br\/lianasabo\/wp-json\/wp\/v2\/types\/post"}],"author":[{"embeddable":true,"href":"https:\/\/blogs.correiobraziliense.com.br\/lianasabo\/wp-json\/wp\/v2\/users\/54"}],"replies":[{"embeddable":true,"href":"https:\/\/blogs.correiobraziliense.com.br\/lianasabo\/wp-json\/wp\/v2\/comments?post=6907"}],"version-history":[{"count":1,"href":"https:\/\/blogs.correiobraziliense.com.br\/lianasabo\/wp-json\/wp\/v2\/posts\/6907\/revisions"}],"predecessor-version":[{"id":6909,"href":"https:\/\/blogs.correiobraziliense.com.br\/lianasabo\/wp-json\/wp\/v2\/posts\/6907\/revisions\/6909"}],"wp:featuredmedia":[{"embeddable":true,"href":"https:\/\/blogs.correiobraziliense.com.br\/lianasabo\/wp-json\/wp\/v2\/media\/6908"}],"wp:attachment":[{"href":"https:\/\/blogs.correiobraziliense.com.br\/lianasabo\/wp-json\/wp\/v2\/media?parent=6907"}],"wp:term":[{"taxonomy":"category","embeddable":true,"href":"https:\/\/blogs.correiobraziliense.com.br\/lianasabo\/wp-json\/wp\/v2\/categories?post=6907"},{"taxonomy":"post_tag","embeddable":true,"href":"https:\/\/blogs.correiobraziliense.com.br\/lianasabo\/wp-json\/wp\/v2\/tags?post=6907"}],"curies":[{"name":"wp","href":"https:\/\/api.w.org\/{rel}","templated":true}]}}